{"id":120628,"date":"2024-06-13T16:41:21","date_gmt":"2024-06-13T21:41:21","guid":{"rendered":"https:\/\/diariodigitalmx.com\/?p=120628"},"modified":"2024-06-13T16:42:29","modified_gmt":"2024-06-13T21:42:29","slug":"inaugura-martha-herrera-congreso-de-sostenibilidad-social-andamos-2024","status":"publish","type":"post","link":"https:\/\/diariodigitalmx.com\/index.php\/2024\/06\/13\/inaugura-martha-herrera-congreso-de-sostenibilidad-social-andamos-2024\/","title":{"rendered":"Inaugura Martha Herrera Congreso de Sostenibilidad Social ANDAMOS 2024"},"content":{"rendered":"\n<p><br>Monterrey, Nuevo Le\u00f3n.- Al inaugurar la edici\u00f3n 2024 del Congreso de Sostenibilidad Social ANDAMOS M\u00e9xico, la Secretaria de Igualdad e Inclusi\u00f3n, Martha Herrera, destac\u00f3 la importancia que el impacto social tiene como estrategia para incrementar la competitividad, la sostenibilidad y la prosperidad de las comunidades.<br>Inform\u00f3 que desde la Secretar\u00eda de Igualdad e Inclusi\u00f3n se han realizado acciones espec\u00edficas para que ninguna persona de los grupos vulnerables se quede atr\u00e1s ni afuera del acceso a las oportunidades y del ejercicio de los derechos fundamentales como la alimentaci\u00f3n, salud, educaci\u00f3n, trabajo y vivienda.<\/p>\n\n\n\n<figure class=\"wp-block-image size-large\"><img loading=\"lazy\" decoding=\"async\" width=\"1024\" height=\"681\" src=\"https:\/\/diariodigitalmx.com\/wp-content\/uploads\/2024\/06\/IMG_20240613_144011_275-1024x681.webp\" alt=\"\" class=\"wp-image-120631\" srcset=\"https:\/\/diariodigitalmx.com\/wp-content\/uploads\/2024\/06\/IMG_20240613_144011_275-1024x681.webp 1024w, https:\/\/diariodigitalmx.com\/wp-content\/uploads\/2024\/06\/IMG_20240613_144011_275-300x199.webp 300w, https:\/\/diariodigitalmx.com\/wp-content\/uploads\/2024\/06\/IMG_20240613_144011_275-768x511.webp 768w, https:\/\/diariodigitalmx.com\/wp-content\/uploads\/2024\/06\/IMG_20240613_144011_275.webp 1080w\" sizes=\"(max-width: 1024px) 100vw, 1024px\" \/><\/figure>\n\n\n\n<p>\u201cEste encuentro es una plataforma para formar nuevos liderazgos, capaces de inspirar la transformaci\u00f3n de nuestro entorno, innovando para lograr cambios profundos que beneficien a las organizaciones pero tambi\u00e9n generen valor compartido para una mayor movilidad social\u201d, precis\u00f3 Herrera en el evento de apertura donde estuvo acompa\u00f1ada de Manuel Montoya, Presidente de AndamosMX y director del Cl\u00faster Automotriz en el estado.<\/p>\n\n\n\n<p>La segunda edici\u00f3n del Congreso de Sostenibilidad Social es organizado de manera conjunta por la Secretar\u00eda, ANDAMOS M\u00e9xico y FEMSA, con la participaci\u00f3n de l\u00edderes de organizaciones civiles, filantr\u00f3picas, empresariales y profesionales para promover un futuro \u00e9tico, inclusivo y sostenible.<\/p>\n\n\n\n<p>Esta edici\u00f3n contar\u00e1 con la participaci\u00f3n de Ricardo Bucio, Presidente Ejecutivo de CEMEFI; Luis Portales, L\u00edder en experimentaci\u00f3n y evaluaci\u00f3n de Impacto del Tecnol\u00f3gico de Monterrey; Marco Amaya, Director General de Nuevo Amanecer; Allyson Trevi\u00f1o, de Relaciones con la Comunidad de TERNIUM; Jamie Coats, CEO Wise Responder Inc; Juanita N\u00fa\u00f1ez, de Impacto Corporativo de Latimpacto, entre otros.<\/p>\n","protected":false},"excerpt":{"rendered":"<p>Monterrey, Nuevo Le\u00f3n.- Al inaugurar la edici\u00f3n 2024 del Congreso de Sostenibilidad Social ANDAMOS M\u00e9xico, la Secretaria de Igualdad e Inclusi\u00f3n, Martha Herrera, destac\u00f3 la importancia que el impacto social tiene como estrategia para incrementar la competitividad, la sostenibilidad y la prosperidad de las comunidades.Inform\u00f3 que desde la Secretar\u00eda de Igualdad e Inclusi\u00f3n se han [&hellip;]<\/p>\n","protected":false},"author":1,"featured_media":120630,"comment_status":"open","ping_status":"open","sticky":true,"template":"","format":"standard","meta":{"footnotes":""},"categories":[14,6],"tags":[],"_links":{"self":[{"href":"https:\/\/diariodigitalmx.com\/index.php\/wp-json\/wp\/v2\/posts\/120628"}],"collection":[{"href":"https:\/\/diariodigitalmx.com\/index.php\/wp-json\/wp\/v2\/posts"}],"about":[{"href":"https:\/\/diariodigitalmx.com\/index.php\/wp-json\/wp\/v2\/types\/post"}],"author":[{"embeddable":true,"href":"https:\/\/diariodigitalmx.com\/index.php\/wp-json\/wp\/v2\/users\/1"}],"replies":[{"embeddable":true,"href":"https:\/\/diariodigitalmx.com\/index.php\/wp-json\/wp\/v2\/comments?post=120628"}],"version-history":[{"count":2,"href":"https:\/\/diariodigitalmx.com\/index.php\/wp-json\/wp\/v2\/posts\/120628\/revisions"}],"predecessor-version":[{"id":120632,"href":"https:\/\/diariodigitalmx.com\/index.php\/wp-json\/wp\/v2\/posts\/120628\/revisions\/120632"}],"wp:featuredmedia":[{"embeddable":true,"href":"https:\/\/diariodigitalmx.com\/index.php\/wp-json\/wp\/v2\/media\/120630"}],"wp:attachment":[{"href":"https:\/\/diariodigitalmx.com\/index.php\/wp-json\/wp\/v2\/media?parent=120628"}],"wp:term":[{"taxonomy":"category","embeddable":true,"href":"https:\/\/diariodigitalmx.com\/index.php\/wp-json\/wp\/v2\/categories?post=120628"},{"taxonomy":"post_tag","embeddable":true,"href":"https:\/\/diariodigitalmx.com\/index.php\/wp-json\/wp\/v2\/tags?post=120628"}],"curies":[{"name":"wp","href":"https:\/\/api.w.org\/{rel}","templated":true}]}}