{"id":120655,"date":"2024-06-13T20:47:15","date_gmt":"2024-06-14T01:47:15","guid":{"rendered":"https:\/\/diariodigitalmx.com\/?p=120655"},"modified":"2024-06-13T20:48:51","modified_gmt":"2024-06-14T01:48:51","slug":"revierte-adrian-a-acusaciones-de-fraude-electoral","status":"publish","type":"post","link":"https:\/\/diariodigitalmx.com\/index.php\/2024\/06\/13\/revierte-adrian-a-acusaciones-de-fraude-electoral\/","title":{"rendered":"Revierte Adri\u00e1n a acusaciones de fraude electoral"},"content":{"rendered":"\n<p>*Afirma que Movimiento Ciudadano no sabe perder y a 11 d\u00edas de la elecci\u00f3n est\u00e1 inventando pruebas para anular los comicios del 2 de junio<\/p>\n\n\n\n<p>El alcalde electo de Monterrey, Adri\u00e1n de la Garza Santos, rechaz\u00f3 la acusaci\u00f3n de la ex candidata de Movimiento Ciudadano, Mariana Rodr\u00edguez, quien lo acus\u00f3 de obtener el triunfo mediante irregularidades.<\/p>\n\n\n\n<p>A 11 d\u00edas de las votaciones en que se impugna la elecci\u00f3n, De la Garza anunci\u00f3 que analizar\u00e1 si va a proceder jur\u00eddicamente contra quien fuera su rival en el proceso, que hoy lo calific\u00f3 como \u201cdelincuente electoral\u201d.<\/p>\n\n\n\n<figure class=\"wp-block-image size-large\"><img loading=\"lazy\" decoding=\"async\" width=\"1024\" height=\"600\" src=\"https:\/\/diariodigitalmx.com\/wp-content\/uploads\/2024\/06\/IMG-20240613-WA0115-1024x600.jpg\" alt=\"\" class=\"wp-image-120658\" srcset=\"https:\/\/diariodigitalmx.com\/wp-content\/uploads\/2024\/06\/IMG-20240613-WA0115-1024x600.jpg 1024w, https:\/\/diariodigitalmx.com\/wp-content\/uploads\/2024\/06\/IMG-20240613-WA0115-300x176.jpg 300w, https:\/\/diariodigitalmx.com\/wp-content\/uploads\/2024\/06\/IMG-20240613-WA0115-768x450.jpg 768w, https:\/\/diariodigitalmx.com\/wp-content\/uploads\/2024\/06\/IMG-20240613-WA0115-1536x900.jpg 1536w, https:\/\/diariodigitalmx.com\/wp-content\/uploads\/2024\/06\/IMG-20240613-WA0115.jpg 1600w\" sizes=\"(max-width: 1024px) 100vw, 1024px\" \/><\/figure>\n\n\n\n<p>\u201cCreo que lo m\u00e1s importante en estos momentos es se\u00f1alar que est\u00e1n tratando de hacer un fraude electoral, est\u00e1n tratando de fabricar pruebas que, por supuesto son falsas, tergiversando y sacando de contexto algunas im\u00e1genes\u201d, se\u00f1al\u00f3.<\/p>\n\n\n\n<p>\u201cQueda claro que los candidatos de Movimiento Ciudadano no saben perder. El s\u00edmbolo de los naranjas de Nuevo Le\u00f3n es no saber perder y querer arrebatar la voluntad ciudadana a la mala\u201d.<\/p>\n\n\n\n<p>Record\u00f3 que durante su campa\u00f1a advirti\u00f3 que desde el gobierno estatal se armar\u00eda un plan para revertir el resultado real e hist\u00f3rico que se logr\u00f3.<\/p>\n\n\n\n<figure class=\"wp-block-image size-full\"><img loading=\"lazy\" decoding=\"async\" width=\"1000\" height=\"952\" src=\"https:\/\/diariodigitalmx.com\/wp-content\/uploads\/2024\/06\/IMG-20240613-WA0117-1.jpg\" alt=\"\" class=\"wp-image-120660\" srcset=\"https:\/\/diariodigitalmx.com\/wp-content\/uploads\/2024\/06\/IMG-20240613-WA0117-1.jpg 1000w, https:\/\/diariodigitalmx.com\/wp-content\/uploads\/2024\/06\/IMG-20240613-WA0117-1-300x286.jpg 300w, https:\/\/diariodigitalmx.com\/wp-content\/uploads\/2024\/06\/IMG-20240613-WA0117-1-768x731.jpg 768w\" sizes=\"(max-width: 1000px) 100vw, 1000px\" \/><\/figure>\n\n\n\n<p>Adem\u00e1s, enumer\u00f3 una serie de acciones que ya hab\u00eda consignado que efectu\u00f3 el partido y el Gobierno Estatal como destinar recursos p\u00fablicos a la campa\u00f1a de Movimiento Ciudadano, comprar votos con programas del Estado, adem\u00e1s de otras artima\u00f1as que afectaron a terceros.<\/p>\n\n\n\n<p>De la Garza llam\u00f3 a la autoridad y a la ex candidata a dejar de mentir.<\/p>\n\n\n\n<p>\u201cLes ganamos por las buenas, porque los regios ya est\u00e1n cansados de sus mentiras y su mal gobierno. Los regios estamos hartos de los pleitos. Llevamos 3 a\u00f1os aguantando la frivolidad y los caprichos del aspirante a dictador, su partido y sus diputados.<\/p>\n\n\n\n<p>\u201cVoy a defender la voluntad de las y los ciudadanos de Monterrey, por supuesto que no voy a permitir que intenten manchar una elecci\u00f3n limpia y pac\u00edfica\u201d, enfatiz\u00f3.<\/p>\n\n\n\n<p>Confi\u00f3 en que la autoridad electoral privilegiar\u00e1 la verdad en este y todos los casos, en especial porque ning\u00fan otro partido impugn\u00f3 el proceso.<\/p>\n","protected":false},"excerpt":{"rendered":"<p>*Afirma que Movimiento Ciudadano no sabe perder y a 11 d\u00edas de la elecci\u00f3n est\u00e1 inventando pruebas para anular los comicios del 2 de junio El alcalde electo de Monterrey, Adri\u00e1n de la Garza Santos, rechaz\u00f3 la acusaci\u00f3n de la ex candidata de Movimiento Ciudadano, Mariana Rodr\u00edguez, quien lo acus\u00f3 de obtener el triunfo mediante [&hellip;]<\/p>\n","protected":false},"author":1,"featured_media":120657,"comment_status":"open","ping_status":"open","sticky":true,"template":"","format":"standard","meta":{"footnotes":""},"categories":[6,3],"tags":[],"_links":{"self":[{"href":"https:\/\/diariodigitalmx.com\/index.php\/wp-json\/wp\/v2\/posts\/120655"}],"collection":[{"href":"https:\/\/diariodigitalmx.com\/index.php\/wp-json\/wp\/v2\/posts"}],"about":[{"href":"https:\/\/diariodigitalmx.com\/index.php\/wp-json\/wp\/v2\/types\/post"}],"author":[{"embeddable":true,"href":"https:\/\/diariodigitalmx.com\/index.php\/wp-json\/wp\/v2\/users\/1"}],"replies":[{"embeddable":true,"href":"https:\/\/diariodigitalmx.com\/index.php\/wp-json\/wp\/v2\/comments?post=120655"}],"version-history":[{"count":3,"href":"https:\/\/diariodigitalmx.com\/index.php\/wp-json\/wp\/v2\/posts\/120655\/revisions"}],"predecessor-version":[{"id":120661,"href":"https:\/\/diariodigitalmx.com\/index.php\/wp-json\/wp\/v2\/posts\/120655\/revisions\/120661"}],"wp:featuredmedia":[{"embeddable":true,"href":"https:\/\/diariodigitalmx.com\/index.php\/wp-json\/wp\/v2\/media\/120657"}],"wp:attachment":[{"href":"https:\/\/diariodigitalmx.com\/index.php\/wp-json\/wp\/v2\/media?parent=120655"}],"wp:term":[{"taxonomy":"category","embeddable":true,"href":"https:\/\/diariodigitalmx.com\/index.php\/wp-json\/wp\/v2\/categories?post=120655"},{"taxonomy":"post_tag","embeddable":true,"href":"https:\/\/diariodigitalmx.com\/index.php\/wp-json\/wp\/v2\/tags?post=120655"}],"curies":[{"name":"wp","href":"https:\/\/api.w.org\/{rel}","templated":true}]}}