{"id":120662,"date":"2024-06-13T23:40:03","date_gmt":"2024-06-14T04:40:03","guid":{"rendered":"https:\/\/diariodigitalmx.com\/?p=120662"},"modified":"2024-06-13T23:40:49","modified_gmt":"2024-06-14T04:40:49","slug":"la-politica-banal-de-broma-del-fosfo-fosfo-de-la-cerveza-y-el-rimel-le-pego-a-mc-enrique-alfaro","status":"publish","type":"post","link":"https:\/\/diariodigitalmx.com\/index.php\/2024\/06\/13\/la-politica-banal-de-broma-del-fosfo-fosfo-de-la-cerveza-y-el-rimel-le-pego-a-mc-enrique-alfaro\/","title":{"rendered":"La pol\u00edtica banal, de broma, del fosfo fosfo, de la cerveza y el rimel, le peg\u00f3 a MC: Enrique Alfaro"},"content":{"rendered":"\n<p>A Movimiento Ciudadano le peg\u00f3 la pol\u00edtica de broma, del fosfo fosfo, de los destapes con cerveza y despedidas con rimel, revel\u00f3 Enrique Alfaro, gobernador de Jalisco.<\/p>\n\n\n\n<p>&#8220;Pas\u00f3 la factura de haber tomado decisiones equivocadas, y de haber hecho de la pol\u00edtica una broma, como fue para m\u00ed la historia, que algunos han resumido en un concepto, el del fosfo fosfo, yo creo que tiene un concepto m\u00e1s complejo, yo le dir\u00eda que es la pol\u00edtica que pas\u00f3 de los destapes con cerveza a las despedidas con r\u00edmel, as\u00ed de sencillo, esa pol\u00edtica no es pol\u00edtica&#8221;.<\/p>\n\n\n\n<p>&#8220;Ojal\u00e1 Jorge (\u00c1lvarez M\u00e1ynez)vuelva a ser Jorge y deje de ser la versi\u00f3n que le impusieron, construida desde el norte de la Rep\u00fablica y definida por un grupo, insisto, de asesores que tienen aspiraciones de ser pol\u00edticos. Yo quiero que Jorge regrese a ser el personaje que yo conoc\u00ed, como un hombre inteligente y muy trabajador&#8221;, coment\u00f3.<\/p>\n\n\n\n<p>Advirti\u00f3 que si MC insiste en hacer pol\u00edtica de forma banal, podr\u00eda haber una ruptura interna.<\/p>\n\n\n\n<p>&#8220;M\u00e1s all\u00e1 de plantear ahorita rutas espec\u00edficas, lo que yo s\u00ed puedo decir es, a quienes est\u00e1n pensando que ese modelo de la banalidad llevado al terreno pol\u00edtico va a permanecer, que va a tener nuestro aval, que va a tener nuestro acompa\u00f1amiento, se equivocan&#8221;<\/p>\n\n\n\n<p>&#8220;Eso no va a pasar y si eso nos lleva a tomar como movimiento y como expresi\u00f3n pol\u00edtica otro tipo de medidas en el futuro, inclusive la del rompimiento, pues yo he platicado con varios de nuestros compa\u00f1eros y est\u00e1n listos. L\u00e1stima que yo me voy a retirar, pero me encantar\u00eda, si eso se diera, poder encabezar un esfuerzo de ese tipo&#8221;.<\/p>\n\n\n\n<p>Alfaro, tambi\u00e9n reprob\u00f3 que Movimiento Ciudadano, a nivel nacional festeje el haber disputado el tercer lugar en la elecci\u00f3n presidencial, y adelant\u00f3 que no apoyar\u00e1 la imposici\u00f3n de \u00c1lvarez M\u00e1ynez como dirigente nacional del partido.<\/p>\n","protected":false},"excerpt":{"rendered":"<p>A Movimiento Ciudadano le peg\u00f3 la pol\u00edtica de broma, del fosfo fosfo, de los destapes con cerveza y despedidas con rimel, revel\u00f3 Enrique Alfaro, gobernador de Jalisco. &#8220;Pas\u00f3 la factura de haber tomado decisiones equivocadas, y de haber hecho de la pol\u00edtica una broma, como fue para m\u00ed la historia, que algunos han resumido en [&hellip;]<\/p>\n","protected":false},"author":1,"featured_media":120664,"comment_status":"open","ping_status":"open","sticky":true,"template":"","format":"standard","meta":{"footnotes":""},"categories":[2,3],"tags":[],"_links":{"self":[{"href":"https:\/\/diariodigitalmx.com\/index.php\/wp-json\/wp\/v2\/posts\/120662"}],"collection":[{"href":"https:\/\/diariodigitalmx.com\/index.php\/wp-json\/wp\/v2\/posts"}],"about":[{"href":"https:\/\/diariodigitalmx.com\/index.php\/wp-json\/wp\/v2\/types\/post"}],"author":[{"embeddable":true,"href":"https:\/\/diariodigitalmx.com\/index.php\/wp-json\/wp\/v2\/users\/1"}],"replies":[{"embeddable":true,"href":"https:\/\/diariodigitalmx.com\/index.php\/wp-json\/wp\/v2\/comments?post=120662"}],"version-history":[{"count":1,"href":"https:\/\/diariodigitalmx.com\/index.php\/wp-json\/wp\/v2\/posts\/120662\/revisions"}],"predecessor-version":[{"id":120663,"href":"https:\/\/diariodigitalmx.com\/index.php\/wp-json\/wp\/v2\/posts\/120662\/revisions\/120663"}],"wp:featuredmedia":[{"embeddable":true,"href":"https:\/\/diariodigitalmx.com\/index.php\/wp-json\/wp\/v2\/media\/120664"}],"wp:attachment":[{"href":"https:\/\/diariodigitalmx.com\/index.php\/wp-json\/wp\/v2\/media?parent=120662"}],"wp:term":[{"taxonomy":"category","embeddable":true,"href":"https:\/\/diariodigitalmx.com\/index.php\/wp-json\/wp\/v2\/categories?post=120662"},{"taxonomy":"post_tag","embeddable":true,"href":"https:\/\/diariodigitalmx.com\/index.php\/wp-json\/wp\/v2\/tags?post=120662"}],"curies":[{"name":"wp","href":"https:\/\/api.w.org\/{rel}","templated":true}]}}