{"id":120686,"date":"2024-06-14T09:21:32","date_gmt":"2024-06-14T14:21:32","guid":{"rendered":"https:\/\/diariodigitalmx.com\/?p=120686"},"modified":"2024-06-14T09:22:19","modified_gmt":"2024-06-14T14:22:19","slug":"tres-dias-sin-energia-electrica","status":"publish","type":"post","link":"https:\/\/diariodigitalmx.com\/index.php\/2024\/06\/14\/tres-dias-sin-energia-electrica\/","title":{"rendered":"Tres d\u00edas sin energ\u00eda el\u00e9ctrica"},"content":{"rendered":"\n<p><br>\u00d3scar Tamez Rodr\u00edguez<\/p>\n\n\n\n<p>Para comprender el sufrimiento ajeno se debe tener empat\u00eda con quien padece. Los cortes de energ\u00eda el\u00e9ctrica son un problema igual o mayor al de la inseguridad.<br>Por los asesinatos nadie sale a bloquear calles, pareciera que esto se normaliz\u00f3 o que la gente lo asume como un asunto individual en cada familia, lo peor a\u00fan, que todos los muertos sean por estar metidos en actos ilegales.<br>La falta de energ\u00eda el\u00e9ctrica provoca la solidaridad inmediata, quiz\u00e1 porque la gente est\u00e1 cercana o porque es mal de muchos. La viralidad con la cual se organizan los colonos y emprenden la protesta de resistencia civil mediante un bloqueo de calles es impresionante.<br>Los bloqueos funcionan porque la autoridad municipal debe gestionar ante la Comisi\u00f3n Federal de Electricidad (CFE) la soluci\u00f3n al problema; un remedio que se puede volver otro problema.<br>El viernes de la semana pasada, por la noche, fui v\u00edctima de los bloqueos, iba a casa luego de una jornada de trabajo intensa y por la tarde-noche, la grabaci\u00f3n de unos programas de contenido hist\u00f3rico. Cansado, agobiado por el stress propio de una semana intensa y zas\u2026 \u00a1M\u00e1s de una hora parado en Garza Sada por el bloqueo! Las familias protestaban por d\u00edas sin energ\u00eda el\u00e9ctrica.<br>No me agrada la protesta, pero comprendo la angustia, \u2500fue mi reflexi\u00f3n\u2500.<br>Al llegar a casa me entero que ten\u00edamos desde media tarde sin el servicio de energ\u00eda el\u00e9ctrica. Algo \u201ccom\u00fan\u201d donde el lapso m\u00e1s extenso fue de seis horas. Sin alarma pens\u00e9 que pronto se resolver\u00eda.<br>Ese viernes, pasadas las diez de la noche hice el reporte ante CFE, un se\u00f1or Garc\u00eda muy amable recibi\u00f3 mi queja, asegur\u00f3 hab\u00eda otros reportes, que el problema era mayor y por lo tanto ser\u00edan m\u00e1s de doce horas m\u00e1s el tiempo en espera.<br>Cinco las familias afectadas con igual n\u00famero de medidores. El s\u00e1bado amanec\u00ed revisando, llam\u00e9 al electricista de confianza, confirm\u00f3 la sospecha, un problema directo al transformador que alimenta el servicio. En la crisis un remanso, todo indicaba que era un cable cortado y no la falla del transformador pues las noticias afirman existe escasez de estos equipos.<br>La soluci\u00f3n primera, trasladar los alimentos congelados y prioritarios a casa de la \u00fanica vecina del barrio con energ\u00eda el\u00e9ctrica. Primer punto superado, claro que eso no evit\u00f3 se descompusieran los alimentos como carnes fr\u00edas, verduras, queso y otros productos.<br>Las noches inclementes, aguantar el calor de las casas convertidas en hornos por el intenso calor del d\u00eda. El dep\u00f3sito para almacenar agua depende de la luz, como decimos coloquialmente, as\u00ed que a racionarla y usar tinas porque no se ve\u00eda pronta soluci\u00f3n.<br>Transcurri\u00f3 el s\u00e1bado, as\u00ed amaneci\u00f3 el domingo, como muchos, llamando a intentar nuevos reportes ante un conmutador de CFE enmudecido, dejando m\u00e1s de 30 minutos la llamada en espera y luego cortarla. Todo auguraba que no hab\u00eda para cuando resolver el problema, al fin de cuentas la crisis era general y en nuestro apag\u00f3n s\u00f3lo estamos cinco afectados.<br>El lunes al mediod\u00eda fue un cami\u00f3n de CFE, se subieron al transformador y con la misma se fueron, puse un nuevo reporte pues falsamente aseguraron haber resuelto el problema.<br>Fui escuchado por la operadora quien afirm\u00f3 escalar\u00eda la queja, eso y alguna de las decenas de llamadas pidiendo apoyo surtieron efecto.<br>A las cinco de la tarde del lunes, luego de tres d\u00edas sin energ\u00eda volvimos a encender el refrigerador, un par de abanicos y tener luz para la cena.<br>La pr\u00f3xima ocasi\u00f3n que me toque bloqueo por protestas en los servicios, quiz\u00e1 me baje del carro y me una a los manifestantes\u2026 \u00a1S\u00f3lo quien vive entiende al que sufre!<\/p>\n","protected":false},"excerpt":{"rendered":"<p>\u00d3scar Tamez Rodr\u00edguez Para comprender el sufrimiento ajeno se debe tener empat\u00eda con quien padece. Los cortes de energ\u00eda el\u00e9ctrica son un problema igual o mayor al de la inseguridad.Por los asesinatos nadie sale a bloquear calles, pareciera que esto se normaliz\u00f3 o que la gente lo asume como un asunto individual en cada familia, [&hellip;]<\/p>\n","protected":false},"author":1,"featured_media":120688,"comment_status":"open","ping_status":"open","sticky":true,"template":"","format":"standard","meta":{"footnotes":""},"categories":[14,12],"tags":[],"_links":{"self":[{"href":"https:\/\/diariodigitalmx.com\/index.php\/wp-json\/wp\/v2\/posts\/120686"}],"collection":[{"href":"https:\/\/diariodigitalmx.com\/index.php\/wp-json\/wp\/v2\/posts"}],"about":[{"href":"https:\/\/diariodigitalmx.com\/index.php\/wp-json\/wp\/v2\/types\/post"}],"author":[{"embeddable":true,"href":"https:\/\/diariodigitalmx.com\/index.php\/wp-json\/wp\/v2\/users\/1"}],"replies":[{"embeddable":true,"href":"https:\/\/diariodigitalmx.com\/index.php\/wp-json\/wp\/v2\/comments?post=120686"}],"version-history":[{"count":1,"href":"https:\/\/diariodigitalmx.com\/index.php\/wp-json\/wp\/v2\/posts\/120686\/revisions"}],"predecessor-version":[{"id":120687,"href":"https:\/\/diariodigitalmx.com\/index.php\/wp-json\/wp\/v2\/posts\/120686\/revisions\/120687"}],"wp:featuredmedia":[{"embeddable":true,"href":"https:\/\/diariodigitalmx.com\/index.php\/wp-json\/wp\/v2\/media\/120688"}],"wp:attachment":[{"href":"https:\/\/diariodigitalmx.com\/index.php\/wp-json\/wp\/v2\/media?parent=120686"}],"wp:term":[{"taxonomy":"category","embeddable":true,"href":"https:\/\/diariodigitalmx.com\/index.php\/wp-json\/wp\/v2\/categories?post=120686"},{"taxonomy":"post_tag","embeddable":true,"href":"https:\/\/diariodigitalmx.com\/index.php\/wp-json\/wp\/v2\/tags?post=120686"}],"curies":[{"name":"wp","href":"https:\/\/api.w.org\/{rel}","templated":true}]}}