{"id":120711,"date":"2024-06-16T08:12:13","date_gmt":"2024-06-16T13:12:13","guid":{"rendered":"https:\/\/diariodigitalmx.com\/?p=120711"},"modified":"2024-06-16T08:13:57","modified_gmt":"2024-06-16T13:13:57","slug":"muere-elias-orozco-salazar-ex-guerrillero-urbano-y-preso-politico","status":"publish","type":"post","link":"https:\/\/diariodigitalmx.com\/index.php\/2024\/06\/16\/muere-elias-orozco-salazar-ex-guerrillero-urbano-y-preso-politico\/","title":{"rendered":"Muere El\u00edas Orozco Salazar, ex guerrillero urbano y preso pol\u00edtico"},"content":{"rendered":"\n<p>Cd. Mante, Tamps.- La dirigencia estatal del Partido del Trabajo dio a conocer que El\u00edas Orozco Salazar, ex guerrillero urbano, preso pol\u00edtico y luchador social de izquierda, muri\u00f3 el s\u00e1bado 15.<\/p>\n\n\n\n<p>El tambi\u00e9n ex diputado del PT en Tamaulipas falleci\u00f3 en su domicilio de Ciudad Mante, donde ser\u00e1 sepultado este domingo.<\/p>\n\n\n\n<p>El\u00edas Orozco form\u00f3 parte del comando guerrillero de la Liga Comunista 23 de Septiembre en el fat\u00eddico secuestro del magnate Eugenio Garza Sada, el 17 de septiembre de 1973.<\/p>\n\n\n\n<p>Dicha tragedia ocurri\u00f3 en el intento de secuestrar al industrial cervercero para liberar a presos pol\u00edticos y por lo cual pidi\u00f3 perd\u00f3n al pueblo de Nuevo Le\u00f3n en varias entrevistas que concedi\u00f3.<\/p>\n\n\n\n<figure class=\"wp-block-image size-full\"><img loading=\"lazy\" decoding=\"async\" width=\"438\" height=\"511\" src=\"https:\/\/diariodigitalmx.com\/wp-content\/uploads\/2024\/06\/IMG-20240616-WA0000.jpg\" alt=\"\" class=\"wp-image-120715\" srcset=\"https:\/\/diariodigitalmx.com\/wp-content\/uploads\/2024\/06\/IMG-20240616-WA0000.jpg 438w, https:\/\/diariodigitalmx.com\/wp-content\/uploads\/2024\/06\/IMG-20240616-WA0000-257x300.jpg 257w\" sizes=\"(max-width: 438px) 100vw, 438px\" \/><\/figure>\n\n\n\n<p>Fue arrestado, torturado y preso por diez a\u00f1os en el Penal de Topo Chico en Monterrey, donde escribi\u00f3 el \u201cDiario de prisi\u00f3n de un guerrillero urbano\u201d.<\/p>\n\n\n\n<p>Fue liberado en 1983 por un reclamo nacional para cumplir el decreto de amnist\u00eda presidencial de Jos\u00e9 L\u00f3pez Portillo a presos pol\u00edticos.<\/p>\n\n\n\n<p>En 1988 fue detenido en el suicidio del comandante de la Interpol M\u00e9xico y director de la Polic\u00eda Judicial del entonces Distrito Federal, Florentino Ventura, quien momentos antes hab\u00eda asesinado a su esposa Mar\u00eda Cira Villanueva y a Mar\u00eda Olga Trevi\u00f1o, esposa de El\u00edas.<\/p>\n\n\n\n<p>Desde su adolescencia, Orozco Salazar se identific\u00f3 con las causas ejidales y campesinas. Como estudiante de la Facultad de Agronom\u00eda de la Universidad de Tamaulipas fue uno de los m\u00e1s destacados activistas en la lucha por la autonom\u00eda universitaria.<\/p>\n\n\n\n<p>Tras las matanzas estudiantiles del 2 de octubre de 1968 y del 10 de junio de 1971, as\u00ed como de la Guerra Sucia del r\u00e9gimen priista, pas\u00f3 de la militancia pol\u00edtica del Movimiento Espartaquista Revolucionario a la guerrilla urbana de la Liga Comunista 23 de Septiembre.<\/p>\n\n\n\n<p>En 1990 particip\u00f3 activamente en la fundaci\u00f3n del Partido del Trabajo y del Frente Amplio de Tamaulipas.<\/p>\n","protected":false},"excerpt":{"rendered":"<p>Cd. Mante, Tamps.- La dirigencia estatal del Partido del Trabajo dio a conocer que El\u00edas Orozco Salazar, ex guerrillero urbano, preso pol\u00edtico y luchador social de izquierda, muri\u00f3 el s\u00e1bado 15. El tambi\u00e9n ex diputado del PT en Tamaulipas falleci\u00f3 en su domicilio de Ciudad Mante, donde ser\u00e1 sepultado este domingo. El\u00edas Orozco form\u00f3 parte [&hellip;]<\/p>\n","protected":false},"author":1,"featured_media":120713,"comment_status":"open","ping_status":"open","sticky":true,"template":"","format":"standard","meta":{"footnotes":""},"categories":[2,3],"tags":[],"_links":{"self":[{"href":"https:\/\/diariodigitalmx.com\/index.php\/wp-json\/wp\/v2\/posts\/120711"}],"collection":[{"href":"https:\/\/diariodigitalmx.com\/index.php\/wp-json\/wp\/v2\/posts"}],"about":[{"href":"https:\/\/diariodigitalmx.com\/index.php\/wp-json\/wp\/v2\/types\/post"}],"author":[{"embeddable":true,"href":"https:\/\/diariodigitalmx.com\/index.php\/wp-json\/wp\/v2\/users\/1"}],"replies":[{"embeddable":true,"href":"https:\/\/diariodigitalmx.com\/index.php\/wp-json\/wp\/v2\/comments?post=120711"}],"version-history":[{"count":3,"href":"https:\/\/diariodigitalmx.com\/index.php\/wp-json\/wp\/v2\/posts\/120711\/revisions"}],"predecessor-version":[{"id":120717,"href":"https:\/\/diariodigitalmx.com\/index.php\/wp-json\/wp\/v2\/posts\/120711\/revisions\/120717"}],"wp:featuredmedia":[{"embeddable":true,"href":"https:\/\/diariodigitalmx.com\/index.php\/wp-json\/wp\/v2\/media\/120713"}],"wp:attachment":[{"href":"https:\/\/diariodigitalmx.com\/index.php\/wp-json\/wp\/v2\/media?parent=120711"}],"wp:term":[{"taxonomy":"category","embeddable":true,"href":"https:\/\/diariodigitalmx.com\/index.php\/wp-json\/wp\/v2\/categories?post=120711"},{"taxonomy":"post_tag","embeddable":true,"href":"https:\/\/diariodigitalmx.com\/index.php\/wp-json\/wp\/v2\/tags?post=120711"}],"curies":[{"name":"wp","href":"https:\/\/api.w.org\/{rel}","templated":true}]}}