{"id":120718,"date":"2024-06-16T11:33:41","date_gmt":"2024-06-16T16:33:41","guid":{"rendered":"https:\/\/diariodigitalmx.com\/?p=120718"},"modified":"2024-06-16T11:35:24","modified_gmt":"2024-06-16T16:35:24","slug":"gobierno-de-claudia-sheinbaum-impulsara-reforma-migratoria-gremio-sindical-hace-propuesta","status":"publish","type":"post","link":"https:\/\/diariodigitalmx.com\/index.php\/2024\/06\/16\/gobierno-de-claudia-sheinbaum-impulsara-reforma-migratoria-gremio-sindical-hace-propuesta\/","title":{"rendered":"Gobierno de Claudia Sheinbaum en favor de una reforma migratoria; gremio sindical hace propuesta"},"content":{"rendered":"\n<p>Monterrey . &#8211; Claudia Sheinbaum la pr\u00f3xima presidenta de M\u00e9xico esta de acuerdo en impulsar una reforma migratoria para apoyar a los migrantes extranjeros en M\u00e9xico y a nuestros connacionales fuera del Pa\u00eds o que regresan a su patria, inform\u00f3 Jos\u00e9 Mart\u00edn Carmona Flores, secretario de Atenci\u00f3n a Obreros Migrantes en M\u00e9xico y Migrantes mexicanos en el exterior, del Sindicato de Electricistas, Transportistas, Cobstructores y Trabajadores en general.<br>Carmona quien se fue a Estados Unidos hace 32 a\u00f1os de los que, 28 los ha dedicado al activismo en favor de la lucha de los trabajadores migrantes, y que ahora regresa a M\u00e9xico, considera fundamental la reforma migratoria que de certidumbre a trabajadores y empresarios.<br>&#8220;He sido activista en Estados Unidos por m\u00e1s de 28 a\u00f1os y regreso a mi Pa\u00eds para pelar por una reforma migratoria&#8221;, dijo al ser entrevistado durante un evento del Sindicato de Trabajdores del Transporte, Energ\u00eda, Construcci\u00f3n, Comunicaci\u00f3n, Industria, Mantenimiento, Minas y Servicios Generales de la Rep\u00fablica Mexicana.<\/p>\n\n\n\n<figure class=\"wp-block-image size-full\"><img loading=\"lazy\" decoding=\"async\" width=\"768\" height=\"703\" src=\"https:\/\/diariodigitalmx.com\/wp-content\/uploads\/2024\/06\/IMG-20240615-WA00351.jpg\" alt=\"\" class=\"wp-image-120721\" srcset=\"https:\/\/diariodigitalmx.com\/wp-content\/uploads\/2024\/06\/IMG-20240615-WA00351.jpg 768w, https:\/\/diariodigitalmx.com\/wp-content\/uploads\/2024\/06\/IMG-20240615-WA00351-300x275.jpg 300w\" sizes=\"(max-width: 768px) 100vw, 768px\" \/><\/figure>\n\n\n\n<p>Carmona adelant\u00f3 que la virtual presidenta Claudia Sheibaum ya ha recibido la propuesta de reforma migratoria en la que est\u00e1 de acuerdo en impulsar para que los legisladores la aprueben tras ser estudiada y analizada para residencias temporales y permisos laborales en M\u00e9xico.<br>El dirigente conf\u00eda en la aprobaci\u00f3n de la reforma y dice que hay muchas posibilidades debido a que M\u00e9xico tiene un gran crecimiento y requiere de mano de obra calificada, virtud que se encuentra en la gfan mayor\u00eda de los trabajadores migrantes.<br>De esa manera, el gremio sindical que representa ha propuesto a las empresas mexicanas y extranjeras que llegan a M\u00e9xico o est\u00e1n por arribar, que puede en un momento dado sin requieren de la mano de obra migrante, ayudar con los tr\u00e1mites y permisos.<br>&#8220;Buscamos empujar una reforma migratoria para que los trabajadores que son deportados, repatriados a M\u00e9xico y deciden quedarse aqu\u00ed, tengan un empleo con todas las prestaciones sociales y la certidumbre legal para que los empresarios deduscan sueldos y prestaciones&#8221;, abund\u00f3 Carmona.<br>El objetivo es tambi\u00e9n, evitar que esos trabajadores se queden a engrosar las filas de la informalidad y se sumen al trabajo formal luego de las deportaciones masivas.<br>Jos\u00e9 Mart\u00edn Carmona Flores explica que el sindicato en el que milita es el \u00fanico hasta el momento, que tiene una secretar\u00eda de atenci\u00f3n a migrantes extranjeros en M\u00e9xico y en el extranjero, por lo que, asegura que se dan pasos agigantados en esta lucha en favor de que los grupos migrantes que han decidido tener a M\u00e9xico como una segunda opci\u00f3n.<br>MIGRANTES EN NUEVO LE\u00d3N<br>Aunque Nuevo Le\u00f3n se considera tierra de paso de migrantes, algunos grupos han decidido quedarse aqu\u00ed a vivir del comercio informal, mientras otros ahorran dinero para intentar nuevamente llegar a Estados Unidos.<br>Tan solo en esta entidad, durante 2023 fueron detectados por las autoridades migratorias unos 16 mil migrantes, en su mayor\u00eda centroamericanos.<\/p>\n","protected":false},"excerpt":{"rendered":"<p>Monterrey . &#8211; Claudia Sheinbaum la pr\u00f3xima presidenta de M\u00e9xico esta de acuerdo en impulsar una reforma migratoria para apoyar a los migrantes extranjeros en M\u00e9xico y a nuestros connacionales fuera del Pa\u00eds o que regresan a su patria, inform\u00f3 Jos\u00e9 Mart\u00edn Carmona Flores, secretario de Atenci\u00f3n a Obreros Migrantes en M\u00e9xico y Migrantes mexicanos [&hellip;]<\/p>\n","protected":false},"author":1,"featured_media":120720,"comment_status":"open","ping_status":"open","sticky":true,"template":"","format":"standard","meta":{"footnotes":""},"categories":[2,3],"tags":[],"_links":{"self":[{"href":"https:\/\/diariodigitalmx.com\/index.php\/wp-json\/wp\/v2\/posts\/120718"}],"collection":[{"href":"https:\/\/diariodigitalmx.com\/index.php\/wp-json\/wp\/v2\/posts"}],"about":[{"href":"https:\/\/diariodigitalmx.com\/index.php\/wp-json\/wp\/v2\/types\/post"}],"author":[{"embeddable":true,"href":"https:\/\/diariodigitalmx.com\/index.php\/wp-json\/wp\/v2\/users\/1"}],"replies":[{"embeddable":true,"href":"https:\/\/diariodigitalmx.com\/index.php\/wp-json\/wp\/v2\/comments?post=120718"}],"version-history":[{"count":3,"href":"https:\/\/diariodigitalmx.com\/index.php\/wp-json\/wp\/v2\/posts\/120718\/revisions"}],"predecessor-version":[{"id":120723,"href":"https:\/\/diariodigitalmx.com\/index.php\/wp-json\/wp\/v2\/posts\/120718\/revisions\/120723"}],"wp:featuredmedia":[{"embeddable":true,"href":"https:\/\/diariodigitalmx.com\/index.php\/wp-json\/wp\/v2\/media\/120720"}],"wp:attachment":[{"href":"https:\/\/diariodigitalmx.com\/index.php\/wp-json\/wp\/v2\/media?parent=120718"}],"wp:term":[{"taxonomy":"category","embeddable":true,"href":"https:\/\/diariodigitalmx.com\/index.php\/wp-json\/wp\/v2\/categories?post=120718"},{"taxonomy":"post_tag","embeddable":true,"href":"https:\/\/diariodigitalmx.com\/index.php\/wp-json\/wp\/v2\/tags?post=120718"}],"curies":[{"name":"wp","href":"https:\/\/api.w.org\/{rel}","templated":true}]}}