{"id":120724,"date":"2024-06-16T11:38:06","date_gmt":"2024-06-16T16:38:06","guid":{"rendered":"https:\/\/diariodigitalmx.com\/?p=120724"},"modified":"2024-06-16T11:40:05","modified_gmt":"2024-06-16T16:40:05","slug":"tienen-reunion-el-presidente-lopez-obrador-la-presidenta-electa-claudia-sheinbaum-y-el-gobernador-americo-villarreal","status":"publish","type":"post","link":"https:\/\/diariodigitalmx.com\/index.php\/2024\/06\/16\/tienen-reunion-el-presidente-lopez-obrador-la-presidenta-electa-claudia-sheinbaum-y-el-gobernador-americo-villarreal\/","title":{"rendered":"Tienen reuni\u00f3n el presidente L\u00f3pez Obrador, la presidenta electa Claudia Sheinbaum y el gobernador Am\u00e9rico Villarreal"},"content":{"rendered":"\n<p>Nuevo Laredo, Tam. &#8211; El presidente de la Rep\u00fablica, Andr\u00e9s Manuel L\u00f3pez Obrador; la presidenta electa, Claudia Sheinbaum y el gobernador del Estado, Am\u00e9rico Villarreal Anaya, tuvieron una reuni\u00f3n de trabajo en la sede de la Agencia Nacional de Aduanas de M\u00e9xico (ANAM) en esta ciudad.<\/p>\n\n\n\n<p>L\u00f3pez Obrador y Sheinbaum llegaron la noche del viernes a Nuevo Laredo y el s\u00e1bado recibieron informaci\u00f3n sobre el avance de esta magna obra de parte del secretario de la Defensa Nacional, Luis Cresencio Sandoval y el director general de Aduanas, Andr\u00e9 Georges Foullon Van Lissum.<\/p>\n\n\n\n<figure class=\"wp-block-image size-large\"><img loading=\"lazy\" decoding=\"async\" width=\"1024\" height=\"683\" src=\"https:\/\/diariodigitalmx.com\/wp-content\/uploads\/2024\/06\/IMG-20240615-WA0012-1024x683.jpg\" alt=\"\" class=\"wp-image-120728\" srcset=\"https:\/\/diariodigitalmx.com\/wp-content\/uploads\/2024\/06\/IMG-20240615-WA0012-1024x683.jpg 1024w, https:\/\/diariodigitalmx.com\/wp-content\/uploads\/2024\/06\/IMG-20240615-WA0012-300x200.jpg 300w, https:\/\/diariodigitalmx.com\/wp-content\/uploads\/2024\/06\/IMG-20240615-WA0012-768x512.jpg 768w, https:\/\/diariodigitalmx.com\/wp-content\/uploads\/2024\/06\/IMG-20240615-WA0012-1536x1024.jpg 1536w, https:\/\/diariodigitalmx.com\/wp-content\/uploads\/2024\/06\/IMG-20240615-WA0012-2048x1366.jpg 2048w\" sizes=\"(max-width: 1024px) 100vw, 1024px\" \/><\/figure>\n\n\n\n<p>Tras el encuentro, que se efect\u00faa en las instalaciones del 16\u00b0 Regimiento de Caballer\u00eda Motorizada de la SEDENA, realizar\u00e1n un recorrido por las instalaciones y luego continuar\u00e1n su gira de trabajo por la regi\u00f3n de La Laguna, en el estado de Coahuila.<\/p>\n","protected":false},"excerpt":{"rendered":"<p>Nuevo Laredo, Tam. &#8211; El presidente de la Rep\u00fablica, Andr\u00e9s Manuel L\u00f3pez Obrador; la presidenta electa, Claudia Sheinbaum y el gobernador del Estado, Am\u00e9rico Villarreal Anaya, tuvieron una reuni\u00f3n de trabajo en la sede de la Agencia Nacional de Aduanas de M\u00e9xico (ANAM) en esta ciudad. L\u00f3pez Obrador y Sheinbaum llegaron la noche del viernes [&hellip;]<\/p>\n","protected":false},"author":1,"featured_media":120727,"comment_status":"open","ping_status":"open","sticky":true,"template":"","format":"standard","meta":{"footnotes":""},"categories":[3,19],"tags":[],"_links":{"self":[{"href":"https:\/\/diariodigitalmx.com\/index.php\/wp-json\/wp\/v2\/posts\/120724"}],"collection":[{"href":"https:\/\/diariodigitalmx.com\/index.php\/wp-json\/wp\/v2\/posts"}],"about":[{"href":"https:\/\/diariodigitalmx.com\/index.php\/wp-json\/wp\/v2\/types\/post"}],"author":[{"embeddable":true,"href":"https:\/\/diariodigitalmx.com\/index.php\/wp-json\/wp\/v2\/users\/1"}],"replies":[{"embeddable":true,"href":"https:\/\/diariodigitalmx.com\/index.php\/wp-json\/wp\/v2\/comments?post=120724"}],"version-history":[{"count":3,"href":"https:\/\/diariodigitalmx.com\/index.php\/wp-json\/wp\/v2\/posts\/120724\/revisions"}],"predecessor-version":[{"id":120730,"href":"https:\/\/diariodigitalmx.com\/index.php\/wp-json\/wp\/v2\/posts\/120724\/revisions\/120730"}],"wp:featuredmedia":[{"embeddable":true,"href":"https:\/\/diariodigitalmx.com\/index.php\/wp-json\/wp\/v2\/media\/120727"}],"wp:attachment":[{"href":"https:\/\/diariodigitalmx.com\/index.php\/wp-json\/wp\/v2\/media?parent=120724"}],"wp:term":[{"taxonomy":"category","embeddable":true,"href":"https:\/\/diariodigitalmx.com\/index.php\/wp-json\/wp\/v2\/categories?post=120724"},{"taxonomy":"post_tag","embeddable":true,"href":"https:\/\/diariodigitalmx.com\/index.php\/wp-json\/wp\/v2\/tags?post=120724"}],"curies":[{"name":"wp","href":"https:\/\/api.w.org\/{rel}","templated":true}]}}