{"id":120880,"date":"2024-06-19T15:22:02","date_gmt":"2024-06-19T20:22:02","guid":{"rendered":"https:\/\/diariodigitalmx.com\/?p=120880"},"modified":"2024-06-19T15:22:57","modified_gmt":"2024-06-19T20:22:57","slug":"paz-serenidad-reposo-quietud","status":"publish","type":"post","link":"https:\/\/diariodigitalmx.com\/index.php\/2024\/06\/19\/paz-serenidad-reposo-quietud\/","title":{"rendered":"Paz, serenidad, reposo, quietud"},"content":{"rendered":"\n<p><br>Luz Mar\u00eda Ortiz Quintos<\/p>\n\n\n\n<p>La palabra paz est\u00e1 compuesta solamente por tres letras, pero tiene un significado muy grande; al mencionarla, vienen a nuestra mente sensaciones de serenidad, reposo, quietud, tranquilidad; las cuales son lo contrario a la guerra, conflicto, contiendas y enfrentamientos. En la actualidad vivimos en un entorno de mucha incertidumbre; familias desintegradas, violencia en extremo, falta de valores, una moral distorsionada, infinidad de enfermedades, lo cual ha ocasionado la falta de paz. El hombre quiere solucionar con su propio esfuerzo creyendo que el dinero y la ciencia pueden solucionar cualquier situaci\u00f3n o conflicto, y quiz\u00e1 si pueden ayudar en algunas ocasiones pero la paz verdadera es aquella que te da la tranquilidad que el alma necesita, que, a\u00fan en medio de cualquier situaci\u00f3n se siente una serenidad inexplicable en el interior de cada persona, pues cuando la tempestad asedia la verdadera paz sobresale, entonces, se comprende que la paz no es por falta de problemas, sino que es la confianza plena de que, por convicci\u00f3n, determinaci\u00f3n y buena actitud, podemos ver que los problemas no son eternos y todo se puede solucionar, y por supuesto la Fe es un pilar para sentir \u00e1nimo y esperanza. En estos tiempos de caos social, de comparaci\u00f3n, de confrontaci\u00f3n, de lucha de poder, carecemos de paz. A veces se nos olvida que el paso por la vida, es solo eso, un paso y nos afanamos m\u00e1s por lo material, que, por lo intangible, lo eterno, la herencia de vida que dejamos como legado a nuestros hijos y a la sociedad, generando ambientes de armon\u00eda y respeto. Se esperan tiempos m\u00e1s ca\u00f3ticos de lo que hoy vivimos. Es por eso que se ha iniciado el pasado 16 de junio una red de oraci\u00f3n mundial, durante nueve d\u00edas para pedir por la paz. Para que la ayuda divina intervenga y se conviertan los corazones de piedra, en corazones de carne. Que cese la violencia y reine la tan anhelada paz. Que no es algo que se compre, es el sentimiento que se genera desde el interior de cada ser humano.<\/p>\n","protected":false},"excerpt":{"rendered":"<p>Luz Mar\u00eda Ortiz Quintos La palabra paz est\u00e1 compuesta solamente por tres letras, pero tiene un significado muy grande; al mencionarla, vienen a nuestra mente sensaciones de serenidad, reposo, quietud, tranquilidad; las cuales son lo contrario a la guerra, conflicto, contiendas y enfrentamientos. En la actualidad vivimos en un entorno de mucha incertidumbre; familias desintegradas, [&hellip;]<\/p>\n","protected":false},"author":1,"featured_media":120882,"comment_status":"open","ping_status":"open","sticky":true,"template":"","format":"standard","meta":{"footnotes":""},"categories":[12,5],"tags":[],"_links":{"self":[{"href":"https:\/\/diariodigitalmx.com\/index.php\/wp-json\/wp\/v2\/posts\/120880"}],"collection":[{"href":"https:\/\/diariodigitalmx.com\/index.php\/wp-json\/wp\/v2\/posts"}],"about":[{"href":"https:\/\/diariodigitalmx.com\/index.php\/wp-json\/wp\/v2\/types\/post"}],"author":[{"embeddable":true,"href":"https:\/\/diariodigitalmx.com\/index.php\/wp-json\/wp\/v2\/users\/1"}],"replies":[{"embeddable":true,"href":"https:\/\/diariodigitalmx.com\/index.php\/wp-json\/wp\/v2\/comments?post=120880"}],"version-history":[{"count":1,"href":"https:\/\/diariodigitalmx.com\/index.php\/wp-json\/wp\/v2\/posts\/120880\/revisions"}],"predecessor-version":[{"id":120881,"href":"https:\/\/diariodigitalmx.com\/index.php\/wp-json\/wp\/v2\/posts\/120880\/revisions\/120881"}],"wp:featuredmedia":[{"embeddable":true,"href":"https:\/\/diariodigitalmx.com\/index.php\/wp-json\/wp\/v2\/media\/120882"}],"wp:attachment":[{"href":"https:\/\/diariodigitalmx.com\/index.php\/wp-json\/wp\/v2\/media?parent=120880"}],"wp:term":[{"taxonomy":"category","embeddable":true,"href":"https:\/\/diariodigitalmx.com\/index.php\/wp-json\/wp\/v2\/categories?post=120880"},{"taxonomy":"post_tag","embeddable":true,"href":"https:\/\/diariodigitalmx.com\/index.php\/wp-json\/wp\/v2\/tags?post=120880"}],"curies":[{"name":"wp","href":"https:\/\/api.w.org\/{rel}","templated":true}]}}