{"id":120905,"date":"2024-06-20T08:35:29","date_gmt":"2024-06-20T13:35:29","guid":{"rendered":"https:\/\/diariodigitalmx.com\/?p=120905"},"modified":"2024-06-20T08:38:05","modified_gmt":"2024-06-20T13:38:05","slug":"desborda-el-rio-santa-catarina-en-un-tramo-otros-afluentes-a-punto-de-rebasar","status":"publish","type":"post","link":"https:\/\/diariodigitalmx.com\/index.php\/2024\/06\/20\/desborda-el-rio-santa-catarina-en-un-tramo-otros-afluentes-a-punto-de-rebasar\/","title":{"rendered":"Desborda el r\u00edo Santa Catarina en un tramo; otros afluentes a punto de rebasar"},"content":{"rendered":"\n<figure class=\"wp-block-video\"><video controls src=\"http:\/\/diariodigitalmx.com\/wp-content\/uploads\/2024\/06\/FDownloader.net-870779715070908-1080p.mp4\"><\/video><\/figure>\n\n\n\n<p>Monterrey.- Las intensas lluvias que se registran desde el mi\u00e9rcoles y subieron la intensidad este jueves, desbordaron un tramo del r\u00edo Santa Catarina, el cual cruza la zona metropolitana por seis municipios.<\/p>\n\n\n\n<p>Asimismo, otros arroyos y r\u00edos metropolitanos crecen en su caudal y existe el riesgo de desborde durante el d\u00eda ya que las lluvias contin\u00faan incesantemente desde la noche del mi\u00e9rcoles.<\/p>\n\n\n\n<p>La Autopista Monterrey- Saltillo fue cerrada durante la madrugada por escurrimiento y deslaves en algunos tramos.<\/p>\n\n\n\n<figure class=\"wp-block-image size-full\"><img loading=\"lazy\" decoding=\"async\" width=\"960\" height=\"640\" src=\"https:\/\/diariodigitalmx.com\/wp-content\/uploads\/2024\/06\/ImageTransformer-2-1.webp\" alt=\"\" class=\"wp-image-120911\" srcset=\"https:\/\/diariodigitalmx.com\/wp-content\/uploads\/2024\/06\/ImageTransformer-2-1.webp 960w, https:\/\/diariodigitalmx.com\/wp-content\/uploads\/2024\/06\/ImageTransformer-2-1-300x200.webp 300w, https:\/\/diariodigitalmx.com\/wp-content\/uploads\/2024\/06\/ImageTransformer-2-1-768x512.webp 768w\" sizes=\"(max-width: 960px) 100vw, 960px\" \/><\/figure>\n\n\n\n<p>Protecci\u00f3n Civil estatal inform\u00f3 a las 6:00 horas, que el nivel del Santa Catarina hab\u00eda llegado a un 90 por ciento y segu\u00eda increment\u00e1ndose, por lo que la fuerte corriente desbord\u00f3 en un tramo a la altura del multimodal Zaragoza, un complejo de pasos a desnivel a unos metros del palacio municipal.<\/p>\n\n\n\n<p>Ante ello, hubo necesidad de realizar m\u00e1s<br>cierres viales en distintos puntos de la Ciudad, principalmente los carriles expr\u00e9s de la Avenida Morones Prieto, a la altura del Multimodal Zaragoza-Zuazua, al desbordarse el caudal del R\u00edo Santa Catarina.<\/p>\n\n\n\n<p>Sin embargo, desde las 5:30 horas Protecci\u00f3n Civil inform\u00f3 en sus redes sociales el cierre de carriles luego de que crec\u00eda el caudal.<\/p>\n\n\n\n<figure class=\"wp-block-video\"><video controls src=\"http:\/\/diariodigitalmx.com\/wp-content\/uploads\/2024\/06\/FDownloader.net-998941158513569-480p.mp4\"><\/video><\/figure>\n\n\n\n<p>Tambi\u00e9n se inform\u00f3 del crecimiento del caudal en el Arroyo Las Tinajas y el R\u00edo La Silla, en Guadalupe, as\u00ed como en el Arroyo Topo Chico y el R\u00edo Pesquer\u00eda, sin que hasta el momento ninguno se haya desbordado.<\/p>\n\n\n\n<p>La lluvia lleg\u00f3 con mayor fuerza a partir de las 22:00 horas del mi\u00e9rcoles lo que provoc\u00f3 un mayor flujo de agua no s\u00f3lo en el R\u00edo Santa Catarina, sino tambi\u00e9n en otros arroyos que fluyen por el \u00e1rea metropolitana y su periferia, pero no se han reportado personas afectadas o atrapadas en los caudales.<\/p>\n\n\n\n<p>Protecci\u00f3n Civil advirti\u00f3 que deben seguir las precauciones y las personas permanecer en casa pues, de seguir las lluvias intensas como han sido pronosticadas, no se descarta que en alg\u00fan momento el agua rebase la capacidad de otros r\u00edos o arroyos.<\/p>\n\n\n\n<p>La Autopista Monterrey Saltillo fue cerrada a la vialidad esta madrugada debido a los escurrimientos y deslaves<\/p>\n\n\n\n<p>La decisi\u00f3n se tom\u00f3 alrededor de las 4:30 horas para cerrar la vialidad de los kil\u00f3metros 54 al 82 en ambos sentidos.<\/p>\n\n\n\n<p>La noche del mi\u00e9rcoles el gobierno inform\u00f3 que desde las 10 de la noche hasta las 12 del d\u00eda de hoy jueves se suspenden el servicio de transporte colectivo, as\u00ed como las labores en general para evitar accidentes o poner en riesgo la vida de las personas.<\/p>\n\n\n\n<p>Solamente los hospitales y albergues est\u00e1n en su actividad normal, mientras las lluvias segu\u00edan esta ma\u00f1ana.<\/p>\n","protected":false},"excerpt":{"rendered":"<p>Monterrey.- Las intensas lluvias que se registran desde el mi\u00e9rcoles y subieron la intensidad este jueves, desbordaron un tramo del r\u00edo Santa Catarina, el cual cruza la zona metropolitana por seis municipios. Asimismo, otros arroyos y r\u00edos metropolitanos crecen en su caudal y existe el riesgo de desborde durante el d\u00eda ya que las lluvias [&hellip;]<\/p>\n","protected":false},"author":1,"featured_media":120907,"comment_status":"open","ping_status":"open","sticky":true,"template":"","format":"standard","meta":{"footnotes":""},"categories":[6,3],"tags":[],"_links":{"self":[{"href":"https:\/\/diariodigitalmx.com\/index.php\/wp-json\/wp\/v2\/posts\/120905"}],"collection":[{"href":"https:\/\/diariodigitalmx.com\/index.php\/wp-json\/wp\/v2\/posts"}],"about":[{"href":"https:\/\/diariodigitalmx.com\/index.php\/wp-json\/wp\/v2\/types\/post"}],"author":[{"embeddable":true,"href":"https:\/\/diariodigitalmx.com\/index.php\/wp-json\/wp\/v2\/users\/1"}],"replies":[{"embeddable":true,"href":"https:\/\/diariodigitalmx.com\/index.php\/wp-json\/wp\/v2\/comments?post=120905"}],"version-history":[{"count":4,"href":"https:\/\/diariodigitalmx.com\/index.php\/wp-json\/wp\/v2\/posts\/120905\/revisions"}],"predecessor-version":[{"id":120915,"href":"https:\/\/diariodigitalmx.com\/index.php\/wp-json\/wp\/v2\/posts\/120905\/revisions\/120915"}],"wp:featuredmedia":[{"embeddable":true,"href":"https:\/\/diariodigitalmx.com\/index.php\/wp-json\/wp\/v2\/media\/120907"}],"wp:attachment":[{"href":"https:\/\/diariodigitalmx.com\/index.php\/wp-json\/wp\/v2\/media?parent=120905"}],"wp:term":[{"taxonomy":"category","embeddable":true,"href":"https:\/\/diariodigitalmx.com\/index.php\/wp-json\/wp\/v2\/categories?post=120905"},{"taxonomy":"post_tag","embeddable":true,"href":"https:\/\/diariodigitalmx.com\/index.php\/wp-json\/wp\/v2\/tags?post=120905"}],"curies":[{"name":"wp","href":"https:\/\/api.w.org\/{rel}","templated":true}]}}