{"id":120967,"date":"2024-06-21T11:00:43","date_gmt":"2024-06-21T16:00:43","guid":{"rendered":"https:\/\/diariodigitalmx.com\/?p=120967"},"modified":"2024-06-21T11:01:50","modified_gmt":"2024-06-21T16:01:50","slug":"sin-sorpresas","status":"publish","type":"post","link":"https:\/\/diariodigitalmx.com\/index.php\/2024\/06\/21\/sin-sorpresas\/","title":{"rendered":"Sin sorpresas"},"content":{"rendered":"\n<p>De frente y de perfil<\/p>\n\n\n\n<p>Ram\u00f3n Zurita Sahag\u00fan <\/p>\n\n\n\n<p>Apenas se conocieron los primeros seis personajes que se integran al equipo de la pr\u00f3xima Presidenta de M\u00e9xico y ya surgen las primeras bajas en el Poder Legislativo.<\/p>\n\n\n\n<p>De seis nombramientos dos llegar\u00e1n al Senado, tocar\u00e1n base y se ir\u00e1n al gobierno federal, donde fueron requeridos por Claudia Sheinbaum. Ernestina Godoy y Marcelo Ebrard fueron designados consejera Jur\u00eddica, la primera y secretario de Econom\u00eda, el segundo.<\/p>\n\n\n\n<p>Con ellos se a\u00f1aden al equipo de gobierno personajes que ser\u00e1n contemplados en las carteras que les fueron asignadas y, tal vez, la \u00fanica sorpresa a medias, ser\u00eda la de Alicia B\u00e1rcenas quien ser\u00e1 la nueva titular de Semarnat. La todav\u00eda secretaria de Relaciones Exteriores regresa a su h\u00e1bitat natural, donde inici\u00f3 su periplo por la administraci\u00f3n p\u00fablica federal.<\/p>\n\n\n\n<p>Los seis personajes nombrados son acordes a las posiciones que le fueron encargadas, con lo que Claudia Sheinbaum pisa sobre seguro en cuanto a las especulaciones que sonaban por todos los rumbos de M\u00e9xico.<\/p>\n\n\n\n<p>El primer integrante del gabinete de Claudia Sheinbaum es Rogelio Ram\u00edrez de la O, quien seguir\u00e1 como secretario de Hacienda.<\/p>\n\n\n\n<p>Juan Ram\u00f3n de la Fuente en la secretar\u00eda de Fuente en la secretar\u00eda de Relaciones Exteriores es adecuado, de acuerdo con el trabajo que ven\u00eda desempe\u00f1ando como embajador de M\u00e9xico en la ONU.<\/p>\n\n\n\n<p>Marcelo Ebrard en la secretar\u00eda de Econom\u00eda se ve\u00eda venir por la labor ejercida en los meses recientes y con el respaldo de su papel como canciller queda bien ubicado, toda vez que las oportunidades de negocios tendr\u00e1n mucha relaci\u00f3n con las inversiones del extranjero y la sociedad que tiene M\u00e9xico con Estados Unidos y Canad\u00e1.<\/p>\n\n\n\n<p>De Alicia B\u00e1rcenas coment\u00e1bamos su paso por los cargos relacionados con la ecolog\u00eda, donde la bi\u00f3loga asumi\u00f3 la primera subsecretar\u00eda creada para tal fin.<\/p>\n\n\n\n<p>Rosaura Ruiz como secretaria de una nueva secretar\u00eda de Ciencias, Humanidades, Tecnolog\u00eda e Innovaci\u00f3n, una instituci\u00f3n que primero tendr\u00e1 que crearse. Rosaura est\u00e1 muy identificada con el sector educativo del pa\u00eds, por su largo paso por la UNAM, donde aspir\u00f3 a convertirse en la primera mujer rectora, aunque no lo consigui\u00f3.<\/p>\n\n\n\n<p>Ernestina Godoy, es una experta en derecho, cuyo paso por la fiscal\u00eda de la CDMX no gust\u00f3 a muchos y produjo sinsabores, pero est\u00e1 mejor en la Consejer\u00eda Jur\u00eddica que en otros lugares relacionados con la justicia.<\/p>\n\n\n\n<p>Julio Berdegu\u00e9 es el menos conocido en el \u00e1mbito pol\u00edtico, pero muy relacionado con el agro mexicano. Encabez\u00f3 las mesas tem\u00e1ticas sobre el ramo que se realizaron durante la campa\u00f1a presidencial de Claudia Sheinbaum. Julio es sinaloense, cuya familia es propietaria de una cadena de hoteles ubicados en el Pac\u00edfico.<\/p>\n\n\n\n<p>Cada uno de estos personajes fueron ubicados dentro de los rubros que conocen y donde pueden satisfacer las necesidades que requiere un buen gobierno.<\/p>\n\n\n\n<p>Lo que s\u00ed es criticable es el desmantelamiento que hacen los Presidentes de la Rep\u00fablica con el Poder Legislativo, al que cubren con suplentes desde el primer momento, lo que afecta la seriedad del mismo.<\/p>\n\n\n\n<p>Godoy y Marcelo son senadores como lo son otros que pronto ser\u00e1n incorporados a tareas dentro de la administraci\u00f3n p\u00fablica federal como sucedi\u00f3 el sexenio pasado.<\/p>\n\n\n\n<p>Hace seis a\u00f1os Alfonso Durazo, Olga S\u00e1nchez Cordero, Roc\u00edo Nahle, Gabriel Garc\u00eda, Javier May, Delfina G\u00f3mez, Jos\u00e9 Antonio \u00c1lvarez, Germ\u00e1n Mart\u00ednez y otros m\u00e1s que fung\u00edan como senadores fueron incorporados al gobierno federal.<\/p>\n\n\n\n<p>Falta todav\u00eda una gran parte de funcionarios por ser designados, entre ellos varios fundamentales como son los titulares de Marina y Defensa Nacional, adem\u00e1s de Gobernaci\u00f3n y otras \u00e1reas prioritarias.<\/p>\n\n\n\n<pre class=\"wp-block-code\"><code>                                                                                          \u2026\u2026\u2026\u2026\u2026\u2026\u2026.<\/code><\/pre>\n\n\n\n<p>No han tomado posesi\u00f3n y ya son bajas en el Senado de la Rep\u00fablica. Rosalinda L\u00f3pez, por fallecimiento; Marcelo Ebrard y Ernestina Godoy, por aceptar estar dentro del gobierno federal y as\u00ed seguir\u00e1n otros como Omar Garc\u00eda. El peso de los suplentes no es el mismo de los propietarios\u2026An\u00edbal Ostoa llegar\u00e1 al Senado nuevamente, veremos por cu\u00e1nto tiempo, hace unos a\u00f1os pidi\u00f3 licencia para irse de secretario de Gobierno a Campeche con Layda Sansores y ahora se prepara para una eventual suplencia\u2026Miguel \u00c1ngel Yunes se queja de una persecuci\u00f3n en su contra por parte de la futura gobernador de Veracruz, Roc\u00edo Nahle, que quiere impedirle ser senador de primera minor\u00eda. La familia Yunes no tendr\u00eda problemas, ya que su padre del mismo nombre es su suplente.<br>ramonzurita44@hotmail.com<br>ramonzurita44@gmail.com<br>www.revistapersonae.com<br>ramon-zurita.blogspot.com<\/p>\n","protected":false},"excerpt":{"rendered":"<p>De frente y de perfil Ram\u00f3n Zurita Sahag\u00fan Apenas se conocieron los primeros seis personajes que se integran al equipo de la pr\u00f3xima Presidenta de M\u00e9xico y ya surgen las primeras bajas en el Poder Legislativo. De seis nombramientos dos llegar\u00e1n al Senado, tocar\u00e1n base y se ir\u00e1n al gobierno federal, donde fueron requeridos por [&hellip;]<\/p>\n","protected":false},"author":1,"featured_media":120969,"comment_status":"open","ping_status":"open","sticky":true,"template":"","format":"standard","meta":{"footnotes":""},"categories":[14,12],"tags":[],"_links":{"self":[{"href":"https:\/\/diariodigitalmx.com\/index.php\/wp-json\/wp\/v2\/posts\/120967"}],"collection":[{"href":"https:\/\/diariodigitalmx.com\/index.php\/wp-json\/wp\/v2\/posts"}],"about":[{"href":"https:\/\/diariodigitalmx.com\/index.php\/wp-json\/wp\/v2\/types\/post"}],"author":[{"embeddable":true,"href":"https:\/\/diariodigitalmx.com\/index.php\/wp-json\/wp\/v2\/users\/1"}],"replies":[{"embeddable":true,"href":"https:\/\/diariodigitalmx.com\/index.php\/wp-json\/wp\/v2\/comments?post=120967"}],"version-history":[{"count":1,"href":"https:\/\/diariodigitalmx.com\/index.php\/wp-json\/wp\/v2\/posts\/120967\/revisions"}],"predecessor-version":[{"id":120968,"href":"https:\/\/diariodigitalmx.com\/index.php\/wp-json\/wp\/v2\/posts\/120967\/revisions\/120968"}],"wp:featuredmedia":[{"embeddable":true,"href":"https:\/\/diariodigitalmx.com\/index.php\/wp-json\/wp\/v2\/media\/120969"}],"wp:attachment":[{"href":"https:\/\/diariodigitalmx.com\/index.php\/wp-json\/wp\/v2\/media?parent=120967"}],"wp:term":[{"taxonomy":"category","embeddable":true,"href":"https:\/\/diariodigitalmx.com\/index.php\/wp-json\/wp\/v2\/categories?post=120967"},{"taxonomy":"post_tag","embeddable":true,"href":"https:\/\/diariodigitalmx.com\/index.php\/wp-json\/wp\/v2\/tags?post=120967"}],"curies":[{"name":"wp","href":"https:\/\/api.w.org\/{rel}","templated":true}]}}