{"id":121006,"date":"2024-06-23T13:18:32","date_gmt":"2024-06-23T18:18:32","guid":{"rendered":"https:\/\/diariodigitalmx.com\/?p=121006"},"modified":"2024-06-23T13:23:11","modified_gmt":"2024-06-23T18:23:11","slug":"choferes-mexicanos-llevaran-a-eu-y-canada-directamente-la-carga-firman-contrato-colectivo","status":"publish","type":"post","link":"https:\/\/diariodigitalmx.com\/index.php\/2024\/06\/23\/choferes-mexicanos-llevaran-a-eu-y-canada-directamente-la-carga-firman-contrato-colectivo\/","title":{"rendered":"Ch\u00f3feres mexicanos llevar\u00e1n a EU y Canad\u00e1 directamente la carga; firman contrato colectivo"},"content":{"rendered":"\n<p>Monterrey. &#8211; M\u00e1s de 500 camiones mexicanos podr\u00e1n pasar mercanc\u00eda con sus propios ch\u00f3feres, directamente a Estados Unidos y Canad\u00e1, y de esas naciones a M\u00e9xico.<\/p>\n\n\n\n<p>Lo anterior se desprende de la firma realizada aqu\u00ed en Monterrey, del primer contrato colectivo de trabajo entre el Sindicato de Trabajadores del Transporte, Energ\u00eda, Construcci\u00f3n, Comunicaci\u00f3n, Industria, Mantenimiento, Minas y Servicios Generales de la Rep\u00fablica Mexicana, y la empresa estadounidense Greatway Transportation Inc.<\/p>\n\n\n\n<p>Juan Carlos Talavera Garc\u00eda, secretario general del gremio sindical, entrevistado al respecto, dijo que en principio se benefician unos mil trabajadores, pues anteriormente dejaban la mercanc\u00eda en Laredo, M\u00e9xico y de ah\u00ed se la llevaban los norteamericanos.<\/p>\n\n\n\n<figure class=\"wp-block-image size-full\"><img loading=\"lazy\" decoding=\"async\" width=\"720\" height=\"631\" src=\"https:\/\/diariodigitalmx.com\/wp-content\/uploads\/2024\/06\/Screenshot_20240623_112300_Gallery.jpg\" alt=\"\" class=\"wp-image-121010\" srcset=\"https:\/\/diariodigitalmx.com\/wp-content\/uploads\/2024\/06\/Screenshot_20240623_112300_Gallery.jpg 720w, https:\/\/diariodigitalmx.com\/wp-content\/uploads\/2024\/06\/Screenshot_20240623_112300_Gallery-300x263.jpg 300w\" sizes=\"(max-width: 720px) 100vw, 720px\" \/><\/figure>\n\n\n\n<p>&#8220;Se dejaba la carga en los centros de recepci\u00f3n en Laredo y de ah\u00ed se las llevaban, hoy podemos entrar con trabajadores mexicanos capacitados y preparados, esas son las disposiciones del Tratado de Libre Comercio&#8221;, a\u00f1ade.<\/p>\n\n\n\n<p>De esta manera las empresas se benefician en tiempos y oportunidad, mientras las familias de los trabajadores ampl\u00edan su horizonte financiero.<\/p>\n\n\n\n<p>Inform\u00f3 que en principio transportar\u00e1n veh\u00edculos, autopartes y motores ya que la empresa tiene acuerdos con Chraysler, General Motors y Chevrolet, los que ser\u00e1n movilizados desde Ciudada de M\u00e9xico, Silao, Guanajuato, Jalisco, Saltillo y Monterrey.<\/p>\n\n\n\n<p>&#8220;Son miles de toneladas que se cargar\u00e1n, empezaremos de menos a m\u00e1s, ser\u00e1n 500 camiones que ir\u00e1n yendo y viniendo desde Canad\u00e1 y Estados Unidos a M\u00e9xico.<\/p>\n\n\n\n<p>El gremio sindical que encabeza Talavera se encuentra en 26 estados del pa\u00eds, desde Tijuana a Chetumal, y abunda en la necesidad de reforzar las medidas de seguridad para los transportistas en las carreteras.<\/p>\n\n\n\n<p>&#8220;En seguridad hay que cuidar la mano de obra con un buen rastreo, protecci\u00f3n y seguridad, adem\u00e1s de otras medidas estrat\u00e9gicas como lo estamos haciendo en forma coordinada con las autoridades y empresas&#8221;, dijo Juan Carlos Talavera Garc\u00eda.<\/p>\n\n\n\n<p>El dirigente subraya que los tiempos actuales exigen un sindicalismo moderno que apele a reforzar los contratos colectivos para los trabajadores, pero tambi\u00e9n proteger e impulsar el crecimiento y desarrollo de las empresas, de las fuentes de empleo&#8221;.<\/p>\n\n\n\n<p>&#8220;Es un sindicato corporativo pero no con la connotaci\u00f3n del pasado, sino en el apoyo a las empresas. El nuevo sindicalismo no debe ser un grillete y un piedra para las empresas, pero tampoco tenemos que descuidar a los trabajadores&#8221;, coment\u00f3.<\/p>\n\n\n\n<p>Talavera hizo un llamado a la unidad, a dejar el encono, las elecciones quedaron atr\u00e1s y ahora hay que construir.<\/p>\n\n\n\n<p>El Sindicato de Trabajadores del Transporte, Energ\u00eda, Construcci\u00f3n, Comunicaci\u00f3n, Industria, Mantenimiento, Minas y Servicios Generales de la Rep\u00fablica Mexicana tiene dos a\u00f1os y afilia a unos 20 mil trabajadores diversos.<\/p>\n","protected":false},"excerpt":{"rendered":"<p>Monterrey. &#8211; M\u00e1s de 500 camiones mexicanos podr\u00e1n pasar mercanc\u00eda con sus propios ch\u00f3feres, directamente a Estados Unidos y Canad\u00e1, y de esas naciones a M\u00e9xico. Lo anterior se desprende de la firma realizada aqu\u00ed en Monterrey, del primer contrato colectivo de trabajo entre el Sindicato de Trabajadores del Transporte, Energ\u00eda, Construcci\u00f3n, Comunicaci\u00f3n, Industria, Mantenimiento, [&hellip;]<\/p>\n","protected":false},"author":1,"featured_media":121008,"comment_status":"open","ping_status":"open","sticky":true,"template":"","format":"standard","meta":{"footnotes":""},"categories":[10,3],"tags":[],"_links":{"self":[{"href":"https:\/\/diariodigitalmx.com\/index.php\/wp-json\/wp\/v2\/posts\/121006"}],"collection":[{"href":"https:\/\/diariodigitalmx.com\/index.php\/wp-json\/wp\/v2\/posts"}],"about":[{"href":"https:\/\/diariodigitalmx.com\/index.php\/wp-json\/wp\/v2\/types\/post"}],"author":[{"embeddable":true,"href":"https:\/\/diariodigitalmx.com\/index.php\/wp-json\/wp\/v2\/users\/1"}],"replies":[{"embeddable":true,"href":"https:\/\/diariodigitalmx.com\/index.php\/wp-json\/wp\/v2\/comments?post=121006"}],"version-history":[{"count":2,"href":"https:\/\/diariodigitalmx.com\/index.php\/wp-json\/wp\/v2\/posts\/121006\/revisions"}],"predecessor-version":[{"id":121011,"href":"https:\/\/diariodigitalmx.com\/index.php\/wp-json\/wp\/v2\/posts\/121006\/revisions\/121011"}],"wp:featuredmedia":[{"embeddable":true,"href":"https:\/\/diariodigitalmx.com\/index.php\/wp-json\/wp\/v2\/media\/121008"}],"wp:attachment":[{"href":"https:\/\/diariodigitalmx.com\/index.php\/wp-json\/wp\/v2\/media?parent=121006"}],"wp:term":[{"taxonomy":"category","embeddable":true,"href":"https:\/\/diariodigitalmx.com\/index.php\/wp-json\/wp\/v2\/categories?post=121006"},{"taxonomy":"post_tag","embeddable":true,"href":"https:\/\/diariodigitalmx.com\/index.php\/wp-json\/wp\/v2\/tags?post=121006"}],"curies":[{"name":"wp","href":"https:\/\/api.w.org\/{rel}","templated":true}]}}