{"id":121015,"date":"2024-06-23T20:10:13","date_gmt":"2024-06-24T01:10:13","guid":{"rendered":"https:\/\/diariodigitalmx.com\/?p=121015"},"modified":"2024-06-23T20:13:09","modified_gmt":"2024-06-24T01:13:09","slug":"solidaridad-de-escobedo-con-santiago-envia-apoyo-por-danos-de-alberto","status":"publish","type":"post","link":"https:\/\/diariodigitalmx.com\/index.php\/2024\/06\/23\/solidaridad-de-escobedo-con-santiago-envia-apoyo-por-danos-de-alberto\/","title":{"rendered":"Solidaridad de Escobedo con Santiago; env\u00eda apoyo por da\u00f1os de &#8220;Alberto&#8221;"},"content":{"rendered":"\n<p>El Gobierno de Escobedo en solidaridad con el Municipio de Santiago envi\u00f3 maquinaria, personal y equipo t\u00e1ctico para apoyar a las comunidades que resultaron afectadas por el paso de la tormenta \u201cAlberto\u201d.<br>El Alcalde Andr\u00e9s Mijes dio el arranque de salida a las unidades que estar\u00e1n trabajando en las zonas m\u00e1s afectadas del se\u00f1alado municipio.<br>\u201cNos estamos solidarizando con el Municipio de Santiago, estamos al tanto de lo que ocurri\u00f3 en la Sierra, de todos los destrozos que ocasionaron est\u00e1s lluvias y tuvimos la fortuna que en Escobedo no tuvimos da\u00f1os mayores, son cosas sencillas y por eso venimos a brindarles este apoyo que hoy ellos lo necesitan\u201d, expres\u00f3 el Edil.<\/p>\n\n\n\n<figure class=\"wp-block-image size-large\"><img loading=\"lazy\" decoding=\"async\" width=\"1024\" height=\"681\" src=\"https:\/\/diariodigitalmx.com\/wp-content\/uploads\/2024\/06\/Q9A0171-1024x681.jpg\" alt=\"\" class=\"wp-image-121018\" srcset=\"https:\/\/diariodigitalmx.com\/wp-content\/uploads\/2024\/06\/Q9A0171-1024x681.jpg 1024w, https:\/\/diariodigitalmx.com\/wp-content\/uploads\/2024\/06\/Q9A0171-300x199.jpg 300w, https:\/\/diariodigitalmx.com\/wp-content\/uploads\/2024\/06\/Q9A0171-768x511.jpg 768w, https:\/\/diariodigitalmx.com\/wp-content\/uploads\/2024\/06\/Q9A0171-1536x1021.jpg 1536w, https:\/\/diariodigitalmx.com\/wp-content\/uploads\/2024\/06\/Q9A0171-2048x1362.jpg 2048w\" sizes=\"(max-width: 1024px) 100vw, 1024px\" \/><\/figure>\n\n\n\n<p>Con el apoyo de las empresas locales, se destin\u00f3 siete retroescabadoras, dos pipas de agua de 10 mil litros de capacidad, mil botellas de agua potable, las cuales llegaron hasta la base de Protecci\u00f3n Civil de Santiago, donde fueron recibidas por el Alcalde David de la Pe\u00f1a.<\/p>\n\n\n\n<figure class=\"wp-block-image size-large\"><img loading=\"lazy\" decoding=\"async\" width=\"1024\" height=\"681\" src=\"https:\/\/diariodigitalmx.com\/wp-content\/uploads\/2024\/06\/Q9A0240-1024x681.jpg\" alt=\"\" class=\"wp-image-121019\" srcset=\"https:\/\/diariodigitalmx.com\/wp-content\/uploads\/2024\/06\/Q9A0240-1024x681.jpg 1024w, https:\/\/diariodigitalmx.com\/wp-content\/uploads\/2024\/06\/Q9A0240-300x199.jpg 300w, https:\/\/diariodigitalmx.com\/wp-content\/uploads\/2024\/06\/Q9A0240-768x511.jpg 768w, https:\/\/diariodigitalmx.com\/wp-content\/uploads\/2024\/06\/Q9A0240-1536x1021.jpg 1536w, https:\/\/diariodigitalmx.com\/wp-content\/uploads\/2024\/06\/Q9A0240-2048x1362.jpg 2048w\" sizes=\"(max-width: 1024px) 100vw, 1024px\" \/><\/figure>\n\n\n\n<p>De la Pe\u00f1a agradeci\u00f3 la acci\u00f3n emprendida por Escobedo, al precisar que con su apoyo podr\u00e1n llegar a las comunidades de la Sierra que han quedado incomunicadas.<br>\u201cEstoy muy agradecido con Andr\u00e9s Mijes, Alcalde Escobedo por solidarizarse \u00e9l y su equipo de trabajo, hoy nos brindan este apoyo para volver a poder reconstruir un poco de los caminos y llevar as\u00ed el apoyo humanitario a las familias\u201d, mencion\u00f3 el Alcalde Santiago.<\/p>\n\n\n\n<figure class=\"wp-block-gallery has-nested-images columns-default is-cropped wp-block-gallery-1 is-layout-flex wp-block-gallery-is-layout-flex\">\n<figure class=\"wp-block-image size-large\"><img loading=\"lazy\" decoding=\"async\" width=\"683\" height=\"1024\" data-id=\"121023\" src=\"https:\/\/diariodigitalmx.com\/wp-content\/uploads\/2024\/06\/Q9A0386-683x1024.jpg\" alt=\"\" class=\"wp-image-121023\" srcset=\"https:\/\/diariodigitalmx.com\/wp-content\/uploads\/2024\/06\/Q9A0386-683x1024.jpg 683w, https:\/\/diariodigitalmx.com\/wp-content\/uploads\/2024\/06\/Q9A0386-200x300.jpg 200w, https:\/\/diariodigitalmx.com\/wp-content\/uploads\/2024\/06\/Q9A0386-768x1152.jpg 768w, https:\/\/diariodigitalmx.com\/wp-content\/uploads\/2024\/06\/Q9A0386-1024x1536.jpg 1024w, https:\/\/diariodigitalmx.com\/wp-content\/uploads\/2024\/06\/Q9A0386-1365x2048.jpg 1365w, https:\/\/diariodigitalmx.com\/wp-content\/uploads\/2024\/06\/Q9A0386-scaled.jpg 1707w\" sizes=\"(max-width: 683px) 100vw, 683px\" \/><\/figure>\n\n\n\n<figure class=\"wp-block-image size-large\"><img loading=\"lazy\" decoding=\"async\" width=\"1024\" height=\"681\" data-id=\"121022\" src=\"https:\/\/diariodigitalmx.com\/wp-content\/uploads\/2024\/06\/Q9A0290-1024x681.jpg\" alt=\"\" class=\"wp-image-121022\" srcset=\"https:\/\/diariodigitalmx.com\/wp-content\/uploads\/2024\/06\/Q9A0290-1024x681.jpg 1024w, https:\/\/diariodigitalmx.com\/wp-content\/uploads\/2024\/06\/Q9A0290-300x199.jpg 300w, https:\/\/diariodigitalmx.com\/wp-content\/uploads\/2024\/06\/Q9A0290-768x511.jpg 768w, https:\/\/diariodigitalmx.com\/wp-content\/uploads\/2024\/06\/Q9A0290-1536x1021.jpg 1536w, https:\/\/diariodigitalmx.com\/wp-content\/uploads\/2024\/06\/Q9A0290-2048x1362.jpg 2048w\" sizes=\"(max-width: 1024px) 100vw, 1024px\" \/><\/figure>\n<\/figure>\n\n\n\n<p>En la zona estar\u00e1n 30 trabajadores municipales de Servicios P\u00fablicos y la Secretar\u00eda de Seguridad Ciudadana, quienes se coordinar\u00e1n con el Municipio de Santiago para comenzar a limpiar los principales accesos a las comunidades de la sierra.<br>El Municipio de Escobedo destin\u00f3 tambi\u00e9n la Unidad de Vigilancia T\u00e1ctica A\u00e9rea, que con el dron de \u00faltima generaci\u00f3n que se destina a patrullaje a\u00e9reo ayudar\u00e1 a identificar las \u00e1reas que est\u00e9n incomunicadas adem\u00e1s de cuantificar los da\u00f1os en la Sierra de Santiago.<br>A partir de este lunes el DIF Municipal de habilitar\u00e1 como Centro de Acopio para que la ciudadan\u00eda en general pueda llevar v\u00edveres, ropa, agua potable y art\u00edculos de primera necesidad.<br>La gente que se desee sumarse puede acudir a las instalaciones del DIF Municipal ubicadas en la Avenida Ra\u00fal Salinas 800 en la Colonia Celestino Gasca.<\/p>\n","protected":false},"excerpt":{"rendered":"<p>El Gobierno de Escobedo en solidaridad con el Municipio de Santiago envi\u00f3 maquinaria, personal y equipo t\u00e1ctico para apoyar a las comunidades que resultaron afectadas por el paso de la tormenta \u201cAlberto\u201d.El Alcalde Andr\u00e9s Mijes dio el arranque de salida a las unidades que estar\u00e1n trabajando en las zonas m\u00e1s afectadas del se\u00f1alado municipio.\u201cNos estamos [&hellip;]<\/p>\n","protected":false},"author":1,"featured_media":121017,"comment_status":"open","ping_status":"open","sticky":true,"template":"","format":"standard","meta":{"footnotes":""},"categories":[14,6],"tags":[],"_links":{"self":[{"href":"https:\/\/diariodigitalmx.com\/index.php\/wp-json\/wp\/v2\/posts\/121015"}],"collection":[{"href":"https:\/\/diariodigitalmx.com\/index.php\/wp-json\/wp\/v2\/posts"}],"about":[{"href":"https:\/\/diariodigitalmx.com\/index.php\/wp-json\/wp\/v2\/types\/post"}],"author":[{"embeddable":true,"href":"https:\/\/diariodigitalmx.com\/index.php\/wp-json\/wp\/v2\/users\/1"}],"replies":[{"embeddable":true,"href":"https:\/\/diariodigitalmx.com\/index.php\/wp-json\/wp\/v2\/comments?post=121015"}],"version-history":[{"count":3,"href":"https:\/\/diariodigitalmx.com\/index.php\/wp-json\/wp\/v2\/posts\/121015\/revisions"}],"predecessor-version":[{"id":121024,"href":"https:\/\/diariodigitalmx.com\/index.php\/wp-json\/wp\/v2\/posts\/121015\/revisions\/121024"}],"wp:featuredmedia":[{"embeddable":true,"href":"https:\/\/diariodigitalmx.com\/index.php\/wp-json\/wp\/v2\/media\/121017"}],"wp:attachment":[{"href":"https:\/\/diariodigitalmx.com\/index.php\/wp-json\/wp\/v2\/media?parent=121015"}],"wp:term":[{"taxonomy":"category","embeddable":true,"href":"https:\/\/diariodigitalmx.com\/index.php\/wp-json\/wp\/v2\/categories?post=121015"},{"taxonomy":"post_tag","embeddable":true,"href":"https:\/\/diariodigitalmx.com\/index.php\/wp-json\/wp\/v2\/tags?post=121015"}],"curies":[{"name":"wp","href":"https:\/\/api.w.org\/{rel}","templated":true}]}}