{"id":121076,"date":"2024-06-25T00:23:38","date_gmt":"2024-06-25T05:23:38","guid":{"rendered":"https:\/\/diariodigitalmx.com\/?p=121076"},"modified":"2024-06-25T00:26:19","modified_gmt":"2024-06-25T05:26:19","slug":"penarol-y-estacion-mitras-aqua-champions-del-futbol-7-en-liga-casabella","status":"publish","type":"post","link":"https:\/\/diariodigitalmx.com\/index.php\/2024\/06\/25\/penarol-y-estacion-mitras-aqua-champions-del-futbol-7-en-liga-casabella\/","title":{"rendered":"Pe\u00f1arol y Estaci\u00f3n Mitras \u201caqua champions\u201d del f\u00fatbol 7 en Liga CasaBella"},"content":{"rendered":"\n<p>Por: Ra\u00fal E. Guevara Ortiz.- Sin importar los \u00faltimos \u00a0aguaceros remanentes de la tormenta tropical \u201cAlberto\u201d, los equipos de Pe\u00f1arol remontando un marcador adverso y Estaci\u00f3n Mitras con gran mando de autoridad, se proclamaron como los campeones de los Torneos de Copa y Liga del f\u00fatbol 7 dominical en la Liga CasaBella.<\/p>\n\n\n\n<figure class=\"wp-block-gallery has-nested-images columns-default is-cropped wp-block-gallery-1 is-layout-flex wp-block-gallery-is-layout-flex\">\n<figure class=\"wp-block-image size-large\"><img loading=\"lazy\" decoding=\"async\" width=\"1024\" height=\"683\" data-id=\"121080\" src=\"https:\/\/diariodigitalmx.com\/wp-content\/uploads\/2024\/06\/ESTACION-MITRAS-CAMPEON-FUTBOL-7-DOMINICAL-CASABELLA-1024x683.jpg\" alt=\"\" class=\"wp-image-121080\" srcset=\"https:\/\/diariodigitalmx.com\/wp-content\/uploads\/2024\/06\/ESTACION-MITRAS-CAMPEON-FUTBOL-7-DOMINICAL-CASABELLA-1024x683.jpg 1024w, https:\/\/diariodigitalmx.com\/wp-content\/uploads\/2024\/06\/ESTACION-MITRAS-CAMPEON-FUTBOL-7-DOMINICAL-CASABELLA-300x200.jpg 300w, https:\/\/diariodigitalmx.com\/wp-content\/uploads\/2024\/06\/ESTACION-MITRAS-CAMPEON-FUTBOL-7-DOMINICAL-CASABELLA-768x512.jpg 768w, https:\/\/diariodigitalmx.com\/wp-content\/uploads\/2024\/06\/ESTACION-MITRAS-CAMPEON-FUTBOL-7-DOMINICAL-CASABELLA-1536x1024.jpg 1536w, https:\/\/diariodigitalmx.com\/wp-content\/uploads\/2024\/06\/ESTACION-MITRAS-CAMPEON-FUTBOL-7-DOMINICAL-CASABELLA.jpg 1920w\" sizes=\"(max-width: 1024px) 100vw, 1024px\" \/><\/figure>\n\n\n\n<figure class=\"wp-block-image size-large\"><img loading=\"lazy\" decoding=\"async\" width=\"1024\" height=\"683\" data-id=\"121081\" src=\"https:\/\/diariodigitalmx.com\/wp-content\/uploads\/2024\/06\/PENAROLCAMPEON-COPA-FUTBOL-7-DOMINICAL-CASABELLA-1024x683.jpg\" alt=\"\" class=\"wp-image-121081\" srcset=\"https:\/\/diariodigitalmx.com\/wp-content\/uploads\/2024\/06\/PENAROLCAMPEON-COPA-FUTBOL-7-DOMINICAL-CASABELLA-1024x683.jpg 1024w, https:\/\/diariodigitalmx.com\/wp-content\/uploads\/2024\/06\/PENAROLCAMPEON-COPA-FUTBOL-7-DOMINICAL-CASABELLA-300x200.jpg 300w, https:\/\/diariodigitalmx.com\/wp-content\/uploads\/2024\/06\/PENAROLCAMPEON-COPA-FUTBOL-7-DOMINICAL-CASABELLA-768x512.jpg 768w, https:\/\/diariodigitalmx.com\/wp-content\/uploads\/2024\/06\/PENAROLCAMPEON-COPA-FUTBOL-7-DOMINICAL-CASABELLA-1536x1024.jpg 1536w, https:\/\/diariodigitalmx.com\/wp-content\/uploads\/2024\/06\/PENAROLCAMPEON-COPA-FUTBOL-7-DOMINICAL-CASABELLA.jpg 1920w\" sizes=\"(max-width: 1024px) 100vw, 1024px\" \/><\/figure>\n<\/figure>\n\n\n\n<p>Las acciones dieron inicio en punto de las 10:00 horas con el encuentro&nbsp; de final del Torneo de Copa de f\u00fatbol entre los equipos de Bremen y el equipo de Pe\u00f1arol, quienes aprovechando una moment\u00e1nea pausa en las condiciones lluviosas, dieron comienzo a un intenso partido lleno de emociones desde su inicio.<\/p>\n\n\n\n<p>Fueron los de&nbsp; la escuadra del Bremen por conducto de&nbsp; Daniel Ch\u00e1vez los primeros en hacerse presentes en el marcador&nbsp; con el 1-0 luego de un&nbsp; potente disparo desde afuera del \u00e1rea lejos de las manos del arquero y con solo tres minutos de diferencia&nbsp; Ernesto R\u00edos increment\u00f3&nbsp; la ventaja con un 2-0 a favor de su equipo.<\/p>\n\n\n\n<p>Pero dos remates a centro dentro del \u00e1rea por parte de\u00a0 Alberto Tijerina y\u00a0 Daniel Sol\u00eds dieron el empate 2-2 mientras que\u00a0 Diego Torres daba la remontada con el 2-3 favorable al Pe\u00f1afiel a segundos de concluir la primera parte.<\/p>\n\n\n\n<figure class=\"wp-block-image size-large\"><img loading=\"lazy\" decoding=\"async\" width=\"1024\" height=\"683\" src=\"https:\/\/diariodigitalmx.com\/wp-content\/uploads\/2024\/06\/ACCIONES-2-PENAROL-vs-BREMEN-FINAL-COPA-F7-CASABELLA-1024x683.jpg\" alt=\"\" class=\"wp-image-121084\" srcset=\"https:\/\/diariodigitalmx.com\/wp-content\/uploads\/2024\/06\/ACCIONES-2-PENAROL-vs-BREMEN-FINAL-COPA-F7-CASABELLA-1024x683.jpg 1024w, https:\/\/diariodigitalmx.com\/wp-content\/uploads\/2024\/06\/ACCIONES-2-PENAROL-vs-BREMEN-FINAL-COPA-F7-CASABELLA-300x200.jpg 300w, https:\/\/diariodigitalmx.com\/wp-content\/uploads\/2024\/06\/ACCIONES-2-PENAROL-vs-BREMEN-FINAL-COPA-F7-CASABELLA-768x512.jpg 768w, https:\/\/diariodigitalmx.com\/wp-content\/uploads\/2024\/06\/ACCIONES-2-PENAROL-vs-BREMEN-FINAL-COPA-F7-CASABELLA-1536x1024.jpg 1536w, https:\/\/diariodigitalmx.com\/wp-content\/uploads\/2024\/06\/ACCIONES-2-PENAROL-vs-BREMEN-FINAL-COPA-F7-CASABELLA.jpg 1920w\" sizes=\"(max-width: 1024px) 100vw, 1024px\" \/><\/figure>\n\n\n\n<p>Sin embargo un remate de saque banda, meti\u00f3 de nuevo al juego a los del Bremen con el empate a 3-3, sin embargo la contundencia de Israel Garc\u00eda con un hat trick personal, sentenci\u00f3 el encuentro con un definitivo 3-6 que llev\u00f3 al Pe\u00f1arol a la conquista&nbsp; del campeonato de Copa del F\u00fatbol 7 Dominical de la Liga CasaBella, en un partido donde la lluvia se hizo presente en forma constante.<\/p>\n\n\n\n<p>La jornada dominical en las instalaciones de la \u201ccatedral\u201d contin\u00fao con las acciones del cotejo celebrado entre Estaci\u00f3n Mitras enfrentando al equipo de Protec Nava teniendo el juego el t\u00edtulo de Liga del F\u00fatbol 7 Dominical.<\/p>\n\n\n\n<figure class=\"wp-block-image size-large\"><img loading=\"lazy\" decoding=\"async\" width=\"1024\" height=\"683\" src=\"https:\/\/diariodigitalmx.com\/wp-content\/uploads\/2024\/06\/ACCIONES-1-FINAL-LIGA-E-MITRAS-vs-PROTECD--1024x683.jpg\" alt=\"\" class=\"wp-image-121086\" srcset=\"https:\/\/diariodigitalmx.com\/wp-content\/uploads\/2024\/06\/ACCIONES-1-FINAL-LIGA-E-MITRAS-vs-PROTECD--1024x683.jpg 1024w, https:\/\/diariodigitalmx.com\/wp-content\/uploads\/2024\/06\/ACCIONES-1-FINAL-LIGA-E-MITRAS-vs-PROTECD--300x200.jpg 300w, https:\/\/diariodigitalmx.com\/wp-content\/uploads\/2024\/06\/ACCIONES-1-FINAL-LIGA-E-MITRAS-vs-PROTECD--768x512.jpg 768w, https:\/\/diariodigitalmx.com\/wp-content\/uploads\/2024\/06\/ACCIONES-1-FINAL-LIGA-E-MITRAS-vs-PROTECD--1536x1024.jpg 1536w, https:\/\/diariodigitalmx.com\/wp-content\/uploads\/2024\/06\/ACCIONES-1-FINAL-LIGA-E-MITRAS-vs-PROTECD-.jpg 1920w\" sizes=\"(max-width: 1024px) 100vw, 1024px\" \/><\/figure>\n\n\n\n<p>Bastaron solo unos segundos para que el marcador iniciara su conteo goleador correspondiendo a los de Estaci\u00f3n Mitras colocar el 1-0 a trav\u00e9s de un tiro de media distancia de Roberto L\u00f3pez, mientras que &nbsp;Jes\u00fas Franco en tres ocasiones consecutivas llevar\u00eda la ventaja hasta 4-0 entran solo tres minutos de juego.<\/p>\n\n\n\n<p>Con el desconcierto y el nerviosismo &nbsp;apoderado de la escuadra del Protec\u2013Nava adem\u00e1s de la lluvia y la certera punter\u00eda de la escuadra del equipo Mitras, nuevamente Jes\u00fas Franco se hizo presente con el 5-0, mientras que en un tiro rechazado por la defensa,&nbsp; Francisco Ram\u00edrez anotar\u00eda el primero gol del Protec \u2013Nava quedaba el 5-1 y una ligera esperanza de reacci\u00f3n de su equipo.<\/p>\n\n\n\n<p>Sin embargo un remate de tiro de esquina de Juan Carlos Ortiz, traer\u00eda consigo el 6-1 para el Mitras, mientras que Ra\u00fal Tovar con el 7-1 cerrar\u00eda la cuenta en el marcador de apenas en el primer tiempo.<\/p>\n\n\n\n<p>El concierto goleador de la Estaci\u00f3n Mitras contin\u00fao a lo largo del segundo tiempo donde&nbsp; Luis Ba\u00f1uelos, Ra\u00fal Tovar y Roberto L\u00f3pez aumentar\u00edan con 10-1 el marcador, mientras que un solitario gol&nbsp; de Rogelio Lumbrera tratar\u00eda de hacer m\u00e1s decorosa la derrota para los del Protec Nava con un escandaloso 10-2.<\/p>\n\n\n\n<p>Al finalizar el encuentro en representaci\u00f3n de la Liga CasaBella, el se\u00f1or Francisco Meraz Cobos realiz\u00f3 la premiaci\u00f3n correspondiente al equipo de Estaci\u00f3n Mitras como campe\u00f3n de Liga del Torneo de F\u00fatbol 7 de la CasaBella.<\/p>\n","protected":false},"excerpt":{"rendered":"<p>Por: Ra\u00fal E. Guevara Ortiz.- Sin importar los \u00faltimos \u00a0aguaceros remanentes de la tormenta tropical \u201cAlberto\u201d, los equipos de Pe\u00f1arol remontando un marcador adverso y Estaci\u00f3n Mitras con gran mando de autoridad, se proclamaron como los campeones de los Torneos de Copa y Liga del f\u00fatbol 7 dominical en la Liga CasaBella. Las acciones dieron [&hellip;]<\/p>\n","protected":false},"author":1,"featured_media":121078,"comment_status":"open","ping_status":"open","sticky":true,"template":"","format":"standard","meta":{"footnotes":""},"categories":[8,14],"tags":[],"_links":{"self":[{"href":"https:\/\/diariodigitalmx.com\/index.php\/wp-json\/wp\/v2\/posts\/121076"}],"collection":[{"href":"https:\/\/diariodigitalmx.com\/index.php\/wp-json\/wp\/v2\/posts"}],"about":[{"href":"https:\/\/diariodigitalmx.com\/index.php\/wp-json\/wp\/v2\/types\/post"}],"author":[{"embeddable":true,"href":"https:\/\/diariodigitalmx.com\/index.php\/wp-json\/wp\/v2\/users\/1"}],"replies":[{"embeddable":true,"href":"https:\/\/diariodigitalmx.com\/index.php\/wp-json\/wp\/v2\/comments?post=121076"}],"version-history":[{"count":4,"href":"https:\/\/diariodigitalmx.com\/index.php\/wp-json\/wp\/v2\/posts\/121076\/revisions"}],"predecessor-version":[{"id":121087,"href":"https:\/\/diariodigitalmx.com\/index.php\/wp-json\/wp\/v2\/posts\/121076\/revisions\/121087"}],"wp:featuredmedia":[{"embeddable":true,"href":"https:\/\/diariodigitalmx.com\/index.php\/wp-json\/wp\/v2\/media\/121078"}],"wp:attachment":[{"href":"https:\/\/diariodigitalmx.com\/index.php\/wp-json\/wp\/v2\/media?parent=121076"}],"wp:term":[{"taxonomy":"category","embeddable":true,"href":"https:\/\/diariodigitalmx.com\/index.php\/wp-json\/wp\/v2\/categories?post=121076"},{"taxonomy":"post_tag","embeddable":true,"href":"https:\/\/diariodigitalmx.com\/index.php\/wp-json\/wp\/v2\/tags?post=121076"}],"curies":[{"name":"wp","href":"https:\/\/api.w.org\/{rel}","templated":true}]}}