{"id":121118,"date":"2024-06-25T07:45:08","date_gmt":"2024-06-25T12:45:08","guid":{"rendered":"https:\/\/diariodigitalmx.com\/?p=121118"},"modified":"2024-06-25T07:45:56","modified_gmt":"2024-06-25T12:45:56","slug":"xx-cumbre-mundial-de-comunicacion-politica-2024","status":"publish","type":"post","link":"https:\/\/diariodigitalmx.com\/index.php\/2024\/06\/25\/xx-cumbre-mundial-de-comunicacion-politica-2024\/","title":{"rendered":"XX Cumbre Mundial de Comunicaci\u00f3n Pol\u00edtica 2024"},"content":{"rendered":"\n<p>Clara Villarreal <br> \u201cUn Encuentro de Mentes Brillantes en Monterrey\u201d. Es un honor y un privilegio compartir con ustedes la noticia de mi participaci\u00f3n como socia y embajadora en la XX Cumbre Mundial de Comunicaci\u00f3n Pol\u00edtica 2024, un evento de talla internacional que se llevar\u00e1 a cabo en la vibrante ciudad de Monterrey los pr\u00f3ximos 26, 27 y 28 de junio en el prestigioso Hotel Camino Real. Mi conferencia, \u201cHaz que valga la pena\u201d tendr\u00e1lugar el mi\u00e9rcoles 26 de junio a las 9:30 am, y ser\u00e1 una oportunidad inigualable para explorar y discutir las tendencias y desaf\u00edos actuales en el mundo de la comunicaci\u00f3n pol\u00edtica. La cumbre reunir\u00e1 a una impresionante alineaci\u00f3n de grandes estrategas, asesores y expertos en diversas \u00e1reas clave como Comunicaci\u00f3n, Mercadotecnia pol\u00edtica, Estrategia pol\u00edtica, Administraci\u00f3n p\u00fablica, G\u00e9nero e Inclusi\u00f3n, Redes sociales, Estrategia digital, Encuestas, Imagen e incluso Inteligencia artificial. Estos profesionales no solo comparten un profundo conocimiento te\u00f3rico, sino tambi\u00e9n una vasta experiencia pr\u00e1ctica que enriquecer\u00e1 cada sesi\u00f3n y taller. En el \u00e1mbito de la Comunicaci\u00f3n y Mercadotecnia pol\u00edtica, contaremos con la presencia de reconocidos expertos que han sido pieza fundamental en campa\u00f1as electorales exitosas alrededor del mundo. Nos mostrar\u00e1n c\u00f3mo adaptar mensajes efectivos en un panorama medi\u00e1tico cada vez m\u00e1s fragmentado y c\u00f3mo utilizar herramientas digitales para conectar de manera aut\u00e9ntica con el electorado. La Estrategia pol\u00edtica y la Administraci\u00f3n p\u00fablica ser\u00e1n temas centrales, con ponencias que abordar\u00e1n desde la planificaci\u00f3n de campa\u00f1as hasta la implementaci\u00f3n de pol\u00edticas p\u00fablicas eficientes. Este enfoque permitir\u00e1 a los asistentes comprender las din\u00e1micas internas del poder y c\u00f3mo influir en ellas de manera \u00e9tica y efectiva. G\u00e9nero e Inclusi\u00f3n son \u00e1reas vitales que no pod\u00edan quedar fuera de la agenda. La cumbre contar\u00e1 con expertos que compartir\u00e1n estrategias para fomentar la igualdad y la representaci\u00f3n en todas las esferas de la vida pol\u00edtica y social. Este ser\u00e1 un espacio para aprender sobre pr\u00e1cticas inclusivas y pol\u00edticas que promuevan una sociedad m\u00e1s equitativa. Las Redes sociales y la Estrategia digital ser\u00e1n otro eje fundamental, abordando las mejores pr\u00e1cticas para gestionar la presencia en l\u00ednea, dise\u00f1ar campa\u00f1as virales y utilizar datos para tomar decisiones informadas. La evoluci\u00f3n tecnol\u00f3gica, incluyendo la Inteligencia artificial, tambi\u00e9n ser\u00e1 un tema de discusi\u00f3n, explorando c\u00f3mo estas innovaciones est\u00e1n transformando el paisaje pol\u00edtico y comunicativo. En cuanto al clima vivido en las elecciones de 2024 en M\u00e9xico, es evidente que nos encontramos en un momento hist\u00f3rico. Las campa\u00f1as electorales han estado marcadas por una intensa competencia, debates apasionados y una participaci\u00f3n ciudadana sin precedentes. Las redes sociales han jugado un papel crucial en la difusi\u00f3n de mensajes y en la movilizaci\u00f3n del electorado, mientras que las encuestas han sido herramientas vitales para medir el pulso de la opini\u00f3n p\u00fablica y otras solo actuaron para confundir a la sociedad, dejando su manchado su prestigio. La transparencia, la inclusi\u00f3n y la \u00e9tica en la comunicaci\u00f3n han sido aspectos fundamentales para construir una democracia m\u00e1s robusta y participativa. La XX Cumbre Mundial de Comunicaci\u00f3n Pol\u00edtica no solo ser\u00e1 un espacio para el aprendizaje y la reflexi\u00f3n, sino tambi\u00e9n una oportunidad para establecer conexiones valiosas y compartir experiencias con colegas de todo el mundo. Te invito a unirte a nosotros en este evento transformador. Ven y capac\u00edtate con los mejores conocedores del ambiente pol\u00edtico y s\u00e9 parte de una comunidad que trabaja incansablemente por un futuro m\u00e1s informado, inclusivo y participativo. \u00a1Nos vemos en Monterrey! P.D. Si quieres asistir a mi conferencia, env\u00edame un mensaje con tu nombre completo, mail y tel\u00e9fono celular. Se mi invitado especial. X e Instagram: @claravillarreal contacto@claravillarreal.com<\/p>\n\n\n\n<p><\/p>\n\n\n\n<p><\/p>\n","protected":false},"excerpt":{"rendered":"<p>Clara Villarreal \u201cUn Encuentro de Mentes Brillantes en Monterrey\u201d. Es un honor y un privilegio compartir con ustedes la noticia de mi participaci\u00f3n como socia y embajadora en la XX Cumbre Mundial de Comunicaci\u00f3n Pol\u00edtica 2024, un evento de talla internacional que se llevar\u00e1 a cabo en la vibrante ciudad de Monterrey los pr\u00f3ximos 26, [&hellip;]<\/p>\n","protected":false},"author":1,"featured_media":121120,"comment_status":"open","ping_status":"open","sticky":true,"template":"","format":"standard","meta":{"footnotes":""},"categories":[12,5],"tags":[],"_links":{"self":[{"href":"https:\/\/diariodigitalmx.com\/index.php\/wp-json\/wp\/v2\/posts\/121118"}],"collection":[{"href":"https:\/\/diariodigitalmx.com\/index.php\/wp-json\/wp\/v2\/posts"}],"about":[{"href":"https:\/\/diariodigitalmx.com\/index.php\/wp-json\/wp\/v2\/types\/post"}],"author":[{"embeddable":true,"href":"https:\/\/diariodigitalmx.com\/index.php\/wp-json\/wp\/v2\/users\/1"}],"replies":[{"embeddable":true,"href":"https:\/\/diariodigitalmx.com\/index.php\/wp-json\/wp\/v2\/comments?post=121118"}],"version-history":[{"count":1,"href":"https:\/\/diariodigitalmx.com\/index.php\/wp-json\/wp\/v2\/posts\/121118\/revisions"}],"predecessor-version":[{"id":121119,"href":"https:\/\/diariodigitalmx.com\/index.php\/wp-json\/wp\/v2\/posts\/121118\/revisions\/121119"}],"wp:featuredmedia":[{"embeddable":true,"href":"https:\/\/diariodigitalmx.com\/index.php\/wp-json\/wp\/v2\/media\/121120"}],"wp:attachment":[{"href":"https:\/\/diariodigitalmx.com\/index.php\/wp-json\/wp\/v2\/media?parent=121118"}],"wp:term":[{"taxonomy":"category","embeddable":true,"href":"https:\/\/diariodigitalmx.com\/index.php\/wp-json\/wp\/v2\/categories?post=121118"},{"taxonomy":"post_tag","embeddable":true,"href":"https:\/\/diariodigitalmx.com\/index.php\/wp-json\/wp\/v2\/tags?post=121118"}],"curies":[{"name":"wp","href":"https:\/\/api.w.org\/{rel}","templated":true}]}}