{"id":121154,"date":"2024-06-25T23:59:24","date_gmt":"2024-06-26T04:59:24","guid":{"rendered":"https:\/\/diariodigitalmx.com\/?p=121154"},"modified":"2024-06-26T00:00:02","modified_gmt":"2024-06-26T05:00:02","slug":"mobbing-laboral-cuesta-a-las-empresas-mas-de-lo-que-imaginan","status":"publish","type":"post","link":"https:\/\/diariodigitalmx.com\/index.php\/2024\/06\/25\/mobbing-laboral-cuesta-a-las-empresas-mas-de-lo-que-imaginan\/","title":{"rendered":"Mobbing laboral cuesta a las empresas m\u00e1s de lo que imaginan"},"content":{"rendered":"\n<p>Uno de cada cinco empleados ha sufrido violencia o acoso en su vida laboral, seg\u00fan la Organizaci\u00f3n Internacional del Trabajo (OIT). Adem\u00e1s, tres de cada cinco v\u00edctimas de acoso en el trabajo lo han experimentado en m\u00e1s de una ocasi\u00f3n.<\/p>\n\n\n\n<p>\u201cSe trata de un patr\u00f3n de comportamiento hostil dirigido hacia una persona en el lugar de trabajo, se manifiesta a trav\u00e9s de acciones como la intimidaci\u00f3n, el desprestigio, la exclusi\u00f3n y la difamaci\u00f3n. Este fen\u00f3meno genera un clima laboral t\u00f3xico que provoca disminuci\u00f3n en la autoestima y la satisfacci\u00f3n laboral. Desde una perspectiva, tanto psicol\u00f3gica como econ\u00f3mica, es fundamental reconocer los costos inherentes al mobbing laboral\u201d, explica Yunue C\u00e1rdenas, Coordinadora del HUB de psicolog\u00eda de Affor Health, empresa especializada en gestionar y mejorar la salud psicosocial de las personas en las organizaciones.<\/p>\n\n\n\n<p>Esta pr\u00e1ctica se manifiesta de manera vertical ascendente, vertical descendente y horizontal. Es decir, se puede registrar entre personas cuyo rango de autoridad es distinto o bien, entre personas con el mismo nivel jer\u00e1rquico.<\/p>\n\n\n\n<p>Una persona que es v\u00edctima de mobbing puede experimentar: estr\u00e9s, ansiedad, depresi\u00f3n, frustraci\u00f3n, insomnio, fatiga, disminuci\u00f3n de la autoestima, cambios en el comportamiento y aislamiento, entre otros.<br>Cada a\u00f1o se pierden 12,000 millones de d\u00edas de trabajo debido a la depresi\u00f3n y la ansiedad, lo que cuesta a la econom\u00eda mundial casi un bill\u00f3n de d\u00f3lares, de acuerdo con la Organizaci\u00f3n Mundial de la Salud (OMS).<br>De acuerdo con Affor Health, el impacto del mobbing en las empresas se presenta de distintas maneras:<br>\u25cf Ausentismo y rotaci\u00f3n de personal<br>\u25cf Ca\u00edda de la productividad<br>\u25cf Costos legales y reputacionales<\/p>\n","protected":false},"excerpt":{"rendered":"<p>Uno de cada cinco empleados ha sufrido violencia o acoso en su vida laboral, seg\u00fan la Organizaci\u00f3n Internacional del Trabajo (OIT). Adem\u00e1s, tres de cada cinco v\u00edctimas de acoso en el trabajo lo han experimentado en m\u00e1s de una ocasi\u00f3n. \u201cSe trata de un patr\u00f3n de comportamiento hostil dirigido hacia una persona en el lugar [&hellip;]<\/p>\n","protected":false},"author":1,"featured_media":121156,"comment_status":"open","ping_status":"open","sticky":true,"template":"","format":"standard","meta":{"footnotes":""},"categories":[14,2],"tags":[],"_links":{"self":[{"href":"https:\/\/diariodigitalmx.com\/index.php\/wp-json\/wp\/v2\/posts\/121154"}],"collection":[{"href":"https:\/\/diariodigitalmx.com\/index.php\/wp-json\/wp\/v2\/posts"}],"about":[{"href":"https:\/\/diariodigitalmx.com\/index.php\/wp-json\/wp\/v2\/types\/post"}],"author":[{"embeddable":true,"href":"https:\/\/diariodigitalmx.com\/index.php\/wp-json\/wp\/v2\/users\/1"}],"replies":[{"embeddable":true,"href":"https:\/\/diariodigitalmx.com\/index.php\/wp-json\/wp\/v2\/comments?post=121154"}],"version-history":[{"count":1,"href":"https:\/\/diariodigitalmx.com\/index.php\/wp-json\/wp\/v2\/posts\/121154\/revisions"}],"predecessor-version":[{"id":121155,"href":"https:\/\/diariodigitalmx.com\/index.php\/wp-json\/wp\/v2\/posts\/121154\/revisions\/121155"}],"wp:featuredmedia":[{"embeddable":true,"href":"https:\/\/diariodigitalmx.com\/index.php\/wp-json\/wp\/v2\/media\/121156"}],"wp:attachment":[{"href":"https:\/\/diariodigitalmx.com\/index.php\/wp-json\/wp\/v2\/media?parent=121154"}],"wp:term":[{"taxonomy":"category","embeddable":true,"href":"https:\/\/diariodigitalmx.com\/index.php\/wp-json\/wp\/v2\/categories?post=121154"},{"taxonomy":"post_tag","embeddable":true,"href":"https:\/\/diariodigitalmx.com\/index.php\/wp-json\/wp\/v2\/tags?post=121154"}],"curies":[{"name":"wp","href":"https:\/\/api.w.org\/{rel}","templated":true}]}}