{"id":121216,"date":"2024-06-28T00:09:51","date_gmt":"2024-06-28T05:09:51","guid":{"rendered":"https:\/\/diariodigitalmx.com\/?p=121216"},"modified":"2024-06-28T00:12:04","modified_gmt":"2024-06-28T05:12:04","slug":"se-han-entregado-mas-de-852-mil-litros-de-agua-potable-a-familias-afectadas-por-alberto","status":"publish","type":"post","link":"https:\/\/diariodigitalmx.com\/index.php\/2024\/06\/28\/se-han-entregado-mas-de-852-mil-litros-de-agua-potable-a-familias-afectadas-por-alberto\/","title":{"rendered":"Se han entregado m\u00e1s de 852 mil litros de agua potable a familias afectadas por \u201cAlberto\u201d"},"content":{"rendered":"\n<p><strong>Escobedo, Nuevo Le\u00f3n.- <\/strong>Superada la fase de la contingencia por las recientes lluvias, la Secretar\u00eda de Igualdad e Inclusi\u00f3n trabaja para garantizar el acceso al &nbsp;agua en los sectores m\u00e1s vulnerables que cuentan con ni\u00f1as, ni\u00f1os, adultos mayores y personas con discapacidad.<\/p>\n\n\n\n<p>Este d\u00eda, Martha Herrera, secretaria de Igualdad e Inclusi\u00f3n, inform\u00f3 que en un esfuerzo coordinado con 29 dependencias estatales, se han entregado ya 852 mil litros de agua potable a las familias que, derivado de Alberto, quedaron sin acceso a este servicio.&nbsp;<\/p>\n\n\n\n<p>En la colonia Balcones del Norte de este municipio, la funcionaria acerc\u00f3 el servicio de una pipa de agua potable donada por Heineken que permitir\u00e1 el llenado de 650 garrafones de 20 litros, adem\u00e1s de que se entregaron 11 mil 100 litros de agua embotellada y 380 garrafones nuevos, en beneficio de m\u00e1s de 2 mil personas. \u00a0\u00a0\u00a0<\/p>\n\n\n\n<figure class=\"wp-block-image size-large\"><img loading=\"lazy\" decoding=\"async\" width=\"1024\" height=\"683\" src=\"https:\/\/diariodigitalmx.com\/wp-content\/uploads\/2024\/06\/image00013-1024x683.jpeg\" alt=\"\" class=\"wp-image-121220\" srcset=\"https:\/\/diariodigitalmx.com\/wp-content\/uploads\/2024\/06\/image00013-1024x683.jpeg 1024w, https:\/\/diariodigitalmx.com\/wp-content\/uploads\/2024\/06\/image00013-300x200.jpeg 300w, https:\/\/diariodigitalmx.com\/wp-content\/uploads\/2024\/06\/image00013-768x512.jpeg 768w, https:\/\/diariodigitalmx.com\/wp-content\/uploads\/2024\/06\/image00013-1536x1025.jpeg 1536w, https:\/\/diariodigitalmx.com\/wp-content\/uploads\/2024\/06\/image00013-2048x1366.jpeg 2048w\" sizes=\"(max-width: 1024px) 100vw, 1024px\" \/><\/figure>\n\n\n\n<p>De manera conjunta con el equipo de la Secretar\u00eda de Salud, se distribuyeron&nbsp; alimentarios, aparatos de movilidad<a><\/a> y se brind\u00f3 el servicio de afiliaci\u00f3n al programa Cuidar Tu Salud.<\/p>\n\n\n\n<p>Herrera inform\u00f3 tambi\u00e9n que, como parte de estas acciones, empresas y organizaciones civiles donaron 700 tinacos que ser\u00e1n distribuidos en colonias de Santa Catarina, uno de los municipios que registra una alta afectaci\u00f3n por falta de agua, lo que permitir\u00e1 atender a 2 mil 500 personas.<\/p>\n\n\n\n<figure class=\"wp-block-image size-large\"><img loading=\"lazy\" decoding=\"async\" width=\"1024\" height=\"683\" src=\"https:\/\/diariodigitalmx.com\/wp-content\/uploads\/2024\/06\/image00009-1024x683.jpeg\" alt=\"\" class=\"wp-image-121221\" srcset=\"https:\/\/diariodigitalmx.com\/wp-content\/uploads\/2024\/06\/image00009-1024x683.jpeg 1024w, https:\/\/diariodigitalmx.com\/wp-content\/uploads\/2024\/06\/image00009-300x200.jpeg 300w, https:\/\/diariodigitalmx.com\/wp-content\/uploads\/2024\/06\/image00009-768x512.jpeg 768w, https:\/\/diariodigitalmx.com\/wp-content\/uploads\/2024\/06\/image00009-1536x1024.jpeg 1536w, https:\/\/diariodigitalmx.com\/wp-content\/uploads\/2024\/06\/image00009-2048x1365.jpeg 2048w\" sizes=\"(max-width: 1024px) 100vw, 1024px\" \/><\/figure>\n\n\n\n<p>\u201cEstamos trabajando para atender a todas las familias que tienen grupos m\u00e1s vulnerables como adultos mayores, ni\u00f1os y personas con discapacidad\u201d, precis\u00f3. <a><\/a><\/p>\n\n\n\n<p><a><\/a>Reiter\u00f3 la invitaci\u00f3n a la ciudan\u00eda para seguir sum\u00e1ndose a la donaci\u00f3n de v\u00edveres, como productos enlatados, agua embotellada, art\u00edculos de limpieza para la casa e higiene personal y kits de primeros auxilios, en los 55 centros de acopio con que cuenta el estado.<\/p>\n","protected":false},"excerpt":{"rendered":"<p>Escobedo, Nuevo Le\u00f3n.- Superada la fase de la contingencia por las recientes lluvias, la Secretar\u00eda de Igualdad e Inclusi\u00f3n trabaja para garantizar el acceso al &nbsp;agua en los sectores m\u00e1s vulnerables que cuentan con ni\u00f1as, ni\u00f1os, adultos mayores y personas con discapacidad. Este d\u00eda, Martha Herrera, secretaria de Igualdad e Inclusi\u00f3n, inform\u00f3 que en un [&hellip;]<\/p>\n","protected":false},"author":1,"featured_media":121218,"comment_status":"open","ping_status":"open","sticky":true,"template":"","format":"standard","meta":{"footnotes":""},"categories":[14,6],"tags":[],"_links":{"self":[{"href":"https:\/\/diariodigitalmx.com\/index.php\/wp-json\/wp\/v2\/posts\/121216"}],"collection":[{"href":"https:\/\/diariodigitalmx.com\/index.php\/wp-json\/wp\/v2\/posts"}],"about":[{"href":"https:\/\/diariodigitalmx.com\/index.php\/wp-json\/wp\/v2\/types\/post"}],"author":[{"embeddable":true,"href":"https:\/\/diariodigitalmx.com\/index.php\/wp-json\/wp\/v2\/users\/1"}],"replies":[{"embeddable":true,"href":"https:\/\/diariodigitalmx.com\/index.php\/wp-json\/wp\/v2\/comments?post=121216"}],"version-history":[{"count":2,"href":"https:\/\/diariodigitalmx.com\/index.php\/wp-json\/wp\/v2\/posts\/121216\/revisions"}],"predecessor-version":[{"id":121222,"href":"https:\/\/diariodigitalmx.com\/index.php\/wp-json\/wp\/v2\/posts\/121216\/revisions\/121222"}],"wp:featuredmedia":[{"embeddable":true,"href":"https:\/\/diariodigitalmx.com\/index.php\/wp-json\/wp\/v2\/media\/121218"}],"wp:attachment":[{"href":"https:\/\/diariodigitalmx.com\/index.php\/wp-json\/wp\/v2\/media?parent=121216"}],"wp:term":[{"taxonomy":"category","embeddable":true,"href":"https:\/\/diariodigitalmx.com\/index.php\/wp-json\/wp\/v2\/categories?post=121216"},{"taxonomy":"post_tag","embeddable":true,"href":"https:\/\/diariodigitalmx.com\/index.php\/wp-json\/wp\/v2\/tags?post=121216"}],"curies":[{"name":"wp","href":"https:\/\/api.w.org\/{rel}","templated":true}]}}