{"id":121294,"date":"2024-06-29T19:05:48","date_gmt":"2024-06-30T00:05:48","guid":{"rendered":"https:\/\/diariodigitalmx.com\/?p=121294"},"modified":"2024-06-29T19:08:51","modified_gmt":"2024-06-30T00:08:51","slug":"en-vacaciones-escobedo-aplicara-programa-vecino-vigilante-en-escuelas","status":"publish","type":"post","link":"https:\/\/diariodigitalmx.com\/index.php\/2024\/06\/29\/en-vacaciones-escobedo-aplicara-programa-vecino-vigilante-en-escuelas\/","title":{"rendered":"En vacaciones, Escobedo aplicar\u00e1 programa &#8220;Vecino Vigilante&#8221; en escuelas"},"content":{"rendered":"\n<p>Como medida preventiva para disuadir los delitos en las escuelas durante el receso vacacional de Verano, el Gobierno de Escobedo intensificar\u00e1 el programa \u201cVecino Vigilante\u201d.<\/p>\n\n\n\n<p>Dicho programa consiste en la colocaci\u00f3n de mantas en los accesos principales de los planteles en donde est\u00e1n los n\u00fameros de emergencia de las corporaciones policiacas.<\/p>\n\n\n\n<figure class=\"wp-block-image size-large\"><img loading=\"lazy\" decoding=\"async\" width=\"1024\" height=\"458\" src=\"https:\/\/diariodigitalmx.com\/wp-content\/uploads\/2024\/06\/WhatsApp-Image-2024-06-29-at-8.11.29-AM-1-1024x458.jpeg\" alt=\"\" class=\"wp-image-121297\" srcset=\"https:\/\/diariodigitalmx.com\/wp-content\/uploads\/2024\/06\/WhatsApp-Image-2024-06-29-at-8.11.29-AM-1-1024x458.jpeg 1024w, https:\/\/diariodigitalmx.com\/wp-content\/uploads\/2024\/06\/WhatsApp-Image-2024-06-29-at-8.11.29-AM-1-300x134.jpeg 300w, https:\/\/diariodigitalmx.com\/wp-content\/uploads\/2024\/06\/WhatsApp-Image-2024-06-29-at-8.11.29-AM-1-768x344.jpeg 768w, https:\/\/diariodigitalmx.com\/wp-content\/uploads\/2024\/06\/WhatsApp-Image-2024-06-29-at-8.11.29-AM-1-1536x687.jpeg 1536w, https:\/\/diariodigitalmx.com\/wp-content\/uploads\/2024\/06\/WhatsApp-Image-2024-06-29-at-8.11.29-AM-1.jpeg 1600w\" sizes=\"(max-width: 1024px) 100vw, 1024px\" \/><\/figure>\n\n\n\n<p>En Escobedo hay 350 escuelas desde k\u00ednder hasta Preparatoria y el objetivo es que no se presente ninguna incidencia durante el periodo vacacional y que tanto maestros como alumnos regresen y encuentren sus escuelas en buenas condiciones.<\/p>\n\n\n\n<figure class=\"wp-block-gallery has-nested-images columns-default is-cropped wp-block-gallery-1 is-layout-flex wp-block-gallery-is-layout-flex\">\n<figure class=\"wp-block-image size-large\"><img loading=\"lazy\" decoding=\"async\" width=\"1024\" height=\"458\" data-id=\"121299\" src=\"https:\/\/diariodigitalmx.com\/wp-content\/uploads\/2024\/06\/WhatsApp-Image-2024-06-29-at-8.11.31-AM-1024x458.jpeg\" alt=\"\" class=\"wp-image-121299\" srcset=\"https:\/\/diariodigitalmx.com\/wp-content\/uploads\/2024\/06\/WhatsApp-Image-2024-06-29-at-8.11.31-AM-1024x458.jpeg 1024w, https:\/\/diariodigitalmx.com\/wp-content\/uploads\/2024\/06\/WhatsApp-Image-2024-06-29-at-8.11.31-AM-300x134.jpeg 300w, https:\/\/diariodigitalmx.com\/wp-content\/uploads\/2024\/06\/WhatsApp-Image-2024-06-29-at-8.11.31-AM-768x344.jpeg 768w, https:\/\/diariodigitalmx.com\/wp-content\/uploads\/2024\/06\/WhatsApp-Image-2024-06-29-at-8.11.31-AM-1536x687.jpeg 1536w, https:\/\/diariodigitalmx.com\/wp-content\/uploads\/2024\/06\/WhatsApp-Image-2024-06-29-at-8.11.31-AM.jpeg 1600w\" sizes=\"(max-width: 1024px) 100vw, 1024px\" \/><\/figure>\n\n\n\n<figure class=\"wp-block-image size-large\"><img loading=\"lazy\" decoding=\"async\" width=\"768\" height=\"1024\" data-id=\"121300\" src=\"https:\/\/diariodigitalmx.com\/wp-content\/uploads\/2024\/06\/WhatsApp-Image-2024-06-29-at-8.11.30-AM-768x1024.jpeg\" alt=\"\" class=\"wp-image-121300\" srcset=\"https:\/\/diariodigitalmx.com\/wp-content\/uploads\/2024\/06\/WhatsApp-Image-2024-06-29-at-8.11.30-AM-768x1024.jpeg 768w, https:\/\/diariodigitalmx.com\/wp-content\/uploads\/2024\/06\/WhatsApp-Image-2024-06-29-at-8.11.30-AM-225x300.jpeg 225w, https:\/\/diariodigitalmx.com\/wp-content\/uploads\/2024\/06\/WhatsApp-Image-2024-06-29-at-8.11.30-AM-1152x1536.jpeg 1152w, https:\/\/diariodigitalmx.com\/wp-content\/uploads\/2024\/06\/WhatsApp-Image-2024-06-29-at-8.11.30-AM.jpeg 1200w\" sizes=\"(max-width: 768px) 100vw, 768px\" \/><\/figure>\n\n\n\n<figure class=\"wp-block-image size-large\"><img loading=\"lazy\" decoding=\"async\" width=\"1024\" height=\"768\" data-id=\"121301\" src=\"https:\/\/diariodigitalmx.com\/wp-content\/uploads\/2024\/06\/WhatsApp-Image-2024-06-29-at-8.11.29-AM-1024x768.jpeg\" alt=\"\" class=\"wp-image-121301\" srcset=\"https:\/\/diariodigitalmx.com\/wp-content\/uploads\/2024\/06\/WhatsApp-Image-2024-06-29-at-8.11.29-AM-1024x768.jpeg 1024w, https:\/\/diariodigitalmx.com\/wp-content\/uploads\/2024\/06\/WhatsApp-Image-2024-06-29-at-8.11.29-AM-300x225.jpeg 300w, https:\/\/diariodigitalmx.com\/wp-content\/uploads\/2024\/06\/WhatsApp-Image-2024-06-29-at-8.11.29-AM-768x576.jpeg 768w, https:\/\/diariodigitalmx.com\/wp-content\/uploads\/2024\/06\/WhatsApp-Image-2024-06-29-at-8.11.29-AM-1536x1152.jpeg 1536w, https:\/\/diariodigitalmx.com\/wp-content\/uploads\/2024\/06\/WhatsApp-Image-2024-06-29-at-8.11.29-AM.jpeg 1600w\" sizes=\"(max-width: 1024px) 100vw, 1024px\" \/><\/figure>\n<\/figure>\n\n\n\n<p>Para lograrlo, ser\u00e1 por medio de grupos de Whats App que se llevar\u00e1 una completa coordinaci\u00f3n y colaboraci\u00f3n entre autoridades municipales, educativas y vecinos para que en las instalaciones de las escuelas no se cometan robos o actos vand\u00e1licos.<\/p>\n\n\n\n<p>Andr\u00e9s Mijes, alcalde de Escobedo, indic\u00f3 que \u201cVecino Vigilante\u201d es un programa preventivo de gran ayuda y se reforzar\u00e1n las acciones en donde se tengan detectadas incidencias.<\/p>\n\n\n\n<p>\u201cEs una labor coordinada entre los participantes en este programa pues el fin es erradicar los robos y vandalismo, por eso si ven algo extra\u00f1o alrededor de la escuela o personas sospechosas llamen a la polic\u00eda\u201d, indic\u00f3 Andr\u00e9s Mijes.<\/p>\n\n\n\n<p>De acuerdo a una evaluaci\u00f3n de autoridades educativas y municipales, el incidente que m\u00e1s se les reporta es la sustracci\u00f3n del cableado y el horario en que se cometen los hurtos o actos vand\u00e1licos es por la noche.<\/p>\n\n\n\n<p>El evento se realiz\u00f3 en las instalaciones de la Escuela Secundaria T\u00e9cnica Profesor Carlos Tijerina Torres, ubicada en la colonia Quinto Centenario y participaron &nbsp;Secretar\u00eda del Bienestar, Secretar\u00eda de Seguridad Ciudadana y Direcci\u00f3n de Fomento a la Educaci\u00f3n y las Artes, as\u00ed como vecinos el sector.<\/p>\n","protected":false},"excerpt":{"rendered":"<p>Como medida preventiva para disuadir los delitos en las escuelas durante el receso vacacional de Verano, el Gobierno de Escobedo intensificar\u00e1 el programa \u201cVecino Vigilante\u201d. Dicho programa consiste en la colocaci\u00f3n de mantas en los accesos principales de los planteles en donde est\u00e1n los n\u00fameros de emergencia de las corporaciones policiacas. En Escobedo hay 350 [&hellip;]<\/p>\n","protected":false},"author":1,"featured_media":121296,"comment_status":"open","ping_status":"open","sticky":true,"template":"","format":"standard","meta":{"footnotes":""},"categories":[14,6],"tags":[],"_links":{"self":[{"href":"https:\/\/diariodigitalmx.com\/index.php\/wp-json\/wp\/v2\/posts\/121294"}],"collection":[{"href":"https:\/\/diariodigitalmx.com\/index.php\/wp-json\/wp\/v2\/posts"}],"about":[{"href":"https:\/\/diariodigitalmx.com\/index.php\/wp-json\/wp\/v2\/types\/post"}],"author":[{"embeddable":true,"href":"https:\/\/diariodigitalmx.com\/index.php\/wp-json\/wp\/v2\/users\/1"}],"replies":[{"embeddable":true,"href":"https:\/\/diariodigitalmx.com\/index.php\/wp-json\/wp\/v2\/comments?post=121294"}],"version-history":[{"count":3,"href":"https:\/\/diariodigitalmx.com\/index.php\/wp-json\/wp\/v2\/posts\/121294\/revisions"}],"predecessor-version":[{"id":121302,"href":"https:\/\/diariodigitalmx.com\/index.php\/wp-json\/wp\/v2\/posts\/121294\/revisions\/121302"}],"wp:featuredmedia":[{"embeddable":true,"href":"https:\/\/diariodigitalmx.com\/index.php\/wp-json\/wp\/v2\/media\/121296"}],"wp:attachment":[{"href":"https:\/\/diariodigitalmx.com\/index.php\/wp-json\/wp\/v2\/media?parent=121294"}],"wp:term":[{"taxonomy":"category","embeddable":true,"href":"https:\/\/diariodigitalmx.com\/index.php\/wp-json\/wp\/v2\/categories?post=121294"},{"taxonomy":"post_tag","embeddable":true,"href":"https:\/\/diariodigitalmx.com\/index.php\/wp-json\/wp\/v2\/tags?post=121294"}],"curies":[{"name":"wp","href":"https:\/\/api.w.org\/{rel}","templated":true}]}}