{"id":121320,"date":"2024-06-30T18:51:04","date_gmt":"2024-06-30T23:51:04","guid":{"rendered":"https:\/\/diariodigitalmx.com\/?p=121320"},"modified":"2024-06-30T18:54:46","modified_gmt":"2024-06-30T23:54:46","slug":"escobedo-se-solodariza-con-santa-catarina-y-envia-apoya","status":"publish","type":"post","link":"https:\/\/diariodigitalmx.com\/index.php\/2024\/06\/30\/escobedo-se-solodariza-con-santa-catarina-y-envia-apoya\/","title":{"rendered":"Escobedo se solidariza con Santa Catarina y env\u00eda apoya"},"content":{"rendered":"\n<p>&nbsp;<\/p>\n\n\n\n<p>El Gobierno de Escobedo en solidaridad con el Municipio de Santa Catarina envi\u00f3 este domingo maquinaria, apoyo y personal especializado a las zonas de esta Ciudad que resultaron m\u00e1s afectadas por el paso de la tormenta &#8220;Alberto&#8221;.<\/p>\n\n\n\n<p>El Alcalde Andr\u00e9s Mijes precis\u00f3 que afortunadamente en Escobedo no se registraron da\u00f1os mayores por las fuertes lluvias por ello en solidaridad hoy env\u00edan esta serie de apoyo a las zonas que m\u00e1s lo necesitan.<\/p>\n\n\n\n<figure class=\"wp-block-gallery has-nested-images columns-default is-cropped wp-block-gallery-1 is-layout-flex wp-block-gallery-is-layout-flex\">\n<figure class=\"wp-block-image size-large\"><img loading=\"lazy\" decoding=\"async\" width=\"1024\" height=\"681\" data-id=\"121324\" src=\"https:\/\/diariodigitalmx.com\/wp-content\/uploads\/2024\/06\/FOTO-1-1024x681.jpeg\" alt=\"\" class=\"wp-image-121324\" srcset=\"https:\/\/diariodigitalmx.com\/wp-content\/uploads\/2024\/06\/FOTO-1-1024x681.jpeg 1024w, https:\/\/diariodigitalmx.com\/wp-content\/uploads\/2024\/06\/FOTO-1-300x200.jpeg 300w, https:\/\/diariodigitalmx.com\/wp-content\/uploads\/2024\/06\/FOTO-1-768x511.jpeg 768w, https:\/\/diariodigitalmx.com\/wp-content\/uploads\/2024\/06\/FOTO-1-1536x1022.jpeg 1536w, https:\/\/diariodigitalmx.com\/wp-content\/uploads\/2024\/06\/FOTO-1-2048x1362.jpeg 2048w\" sizes=\"(max-width: 1024px) 100vw, 1024px\" \/><\/figure>\n\n\n\n<figure class=\"wp-block-image size-large\"><img loading=\"lazy\" decoding=\"async\" width=\"1024\" height=\"681\" data-id=\"121323\" src=\"https:\/\/diariodigitalmx.com\/wp-content\/uploads\/2024\/06\/FOTO-2-1024x681.jpeg\" alt=\"\" class=\"wp-image-121323\" srcset=\"https:\/\/diariodigitalmx.com\/wp-content\/uploads\/2024\/06\/FOTO-2-1024x681.jpeg 1024w, https:\/\/diariodigitalmx.com\/wp-content\/uploads\/2024\/06\/FOTO-2-300x200.jpeg 300w, https:\/\/diariodigitalmx.com\/wp-content\/uploads\/2024\/06\/FOTO-2-768x511.jpeg 768w, https:\/\/diariodigitalmx.com\/wp-content\/uploads\/2024\/06\/FOTO-2-1536x1022.jpeg 1536w, https:\/\/diariodigitalmx.com\/wp-content\/uploads\/2024\/06\/FOTO-2-2048x1362.jpeg 2048w\" sizes=\"(max-width: 1024px) 100vw, 1024px\" \/><\/figure>\n<\/figure>\n\n\n\n<p>\u201cTal y como lo hicimos en Santiago, hoy nos encontramos en Santa Catarina, hemos tra\u00eddo este equipo aqu\u00ed, el cual estar\u00e1 toda una semana para apoyar as\u00ed a los trabajos de reconstrucci\u00f3n y liberando caminos en la Huasteca\u201d, expres\u00f3 el Edil.<\/p>\n\n\n\n<p>Con el apoyo de las empresas locales, se destin\u00f3 ocho retroexcavadoras, una excavadora, dos pipas de agua de 10 mil litros de capacidad, un minicargador bobcat,, dos camiones de volteo y mil botellas de agua potable, las cuales fueron recibidas por el Alcalde Jes\u00fas Nava.<\/p>\n\n\n\n<figure class=\"wp-block-image size-large\"><img loading=\"lazy\" decoding=\"async\" width=\"1024\" height=\"683\" src=\"https:\/\/diariodigitalmx.com\/wp-content\/uploads\/2024\/06\/FOTO-7-1024x683.jpeg\" alt=\"\" class=\"wp-image-121326\" srcset=\"https:\/\/diariodigitalmx.com\/wp-content\/uploads\/2024\/06\/FOTO-7-1024x683.jpeg 1024w, https:\/\/diariodigitalmx.com\/wp-content\/uploads\/2024\/06\/FOTO-7-300x200.jpeg 300w, https:\/\/diariodigitalmx.com\/wp-content\/uploads\/2024\/06\/FOTO-7-768x512.jpeg 768w, https:\/\/diariodigitalmx.com\/wp-content\/uploads\/2024\/06\/FOTO-7-1536x1024.jpeg 1536w, https:\/\/diariodigitalmx.com\/wp-content\/uploads\/2024\/06\/FOTO-7.jpeg 1600w\" sizes=\"(max-width: 1024px) 100vw, 1024px\" \/><\/figure>\n\n\n\n<p>Nava agradeci\u00f3 al Municipio Escobedo por sumarse a estos trabajos para llevar el apoyo que requieren las familias afectadas por las lluvias.<\/p>\n\n\n\n<p>&#8220;Hoy cada apoyo es de gran ayuda para nosotros, lo que nos da hoy Mijes nos va ayudar mucho, porque hay que estar unidos ante esta situaci\u00f3n que vino a traernos la lluvia&#8221;, mencion\u00f3 el Alcalde de Santa Catarina.<\/p>\n\n\n\n<p>En la zona estar\u00e1n 30 trabajadores municipales de Servicios P\u00fablicos y la Secretar\u00eda de Seguridad Ciudadana, quienes se coordinar\u00e1n con el Municipio de Santa Catarina para ayudar en las labores de limpieza y lo que se necesite.<\/p>\n\n\n\n<p>El Municipio de Escobedo destin\u00f3 tambi\u00e9n la Unidad de Vigilancia T\u00e1ctica A\u00e9rea, que con el dron de \u00faltima generaci\u00f3n que se destina a patrullaje a\u00e9reo ayudar\u00e1 a identificar las \u00e1reas que siguen incomunicadas y en las labores que requiera Santa Catarina.<\/p>\n","protected":false},"excerpt":{"rendered":"<p>&nbsp; El Gobierno de Escobedo en solidaridad con el Municipio de Santa Catarina envi\u00f3 este domingo maquinaria, apoyo y personal especializado a las zonas de esta Ciudad que resultaron m\u00e1s afectadas por el paso de la tormenta &#8220;Alberto&#8221;. El Alcalde Andr\u00e9s Mijes precis\u00f3 que afortunadamente en Escobedo no se registraron da\u00f1os mayores por las fuertes [&hellip;]<\/p>\n","protected":false},"author":1,"featured_media":121322,"comment_status":"open","ping_status":"open","sticky":true,"template":"","format":"standard","meta":{"footnotes":""},"categories":[14,6],"tags":[],"_links":{"self":[{"href":"https:\/\/diariodigitalmx.com\/index.php\/wp-json\/wp\/v2\/posts\/121320"}],"collection":[{"href":"https:\/\/diariodigitalmx.com\/index.php\/wp-json\/wp\/v2\/posts"}],"about":[{"href":"https:\/\/diariodigitalmx.com\/index.php\/wp-json\/wp\/v2\/types\/post"}],"author":[{"embeddable":true,"href":"https:\/\/diariodigitalmx.com\/index.php\/wp-json\/wp\/v2\/users\/1"}],"replies":[{"embeddable":true,"href":"https:\/\/diariodigitalmx.com\/index.php\/wp-json\/wp\/v2\/comments?post=121320"}],"version-history":[{"count":4,"href":"https:\/\/diariodigitalmx.com\/index.php\/wp-json\/wp\/v2\/posts\/121320\/revisions"}],"predecessor-version":[{"id":121328,"href":"https:\/\/diariodigitalmx.com\/index.php\/wp-json\/wp\/v2\/posts\/121320\/revisions\/121328"}],"wp:featuredmedia":[{"embeddable":true,"href":"https:\/\/diariodigitalmx.com\/index.php\/wp-json\/wp\/v2\/media\/121322"}],"wp:attachment":[{"href":"https:\/\/diariodigitalmx.com\/index.php\/wp-json\/wp\/v2\/media?parent=121320"}],"wp:term":[{"taxonomy":"category","embeddable":true,"href":"https:\/\/diariodigitalmx.com\/index.php\/wp-json\/wp\/v2\/categories?post=121320"},{"taxonomy":"post_tag","embeddable":true,"href":"https:\/\/diariodigitalmx.com\/index.php\/wp-json\/wp\/v2\/tags?post=121320"}],"curies":[{"name":"wp","href":"https:\/\/api.w.org\/{rel}","templated":true}]}}