{"id":121399,"date":"2024-07-02T23:36:35","date_gmt":"2024-07-03T04:36:35","guid":{"rendered":"https:\/\/diariodigitalmx.com\/?p=121399"},"modified":"2024-07-02T23:39:37","modified_gmt":"2024-07-03T04:39:37","slug":"alerta-por-riesgo-de-deslaves-en-zonas-cercanas-a-cerros-al-norte-de-monterrey","status":"publish","type":"post","link":"https:\/\/diariodigitalmx.com\/index.php\/2024\/07\/02\/alerta-por-riesgo-de-deslaves-en-zonas-cercanas-a-cerros-al-norte-de-monterrey\/","title":{"rendered":"Alerta por riesgo de deslaves en zonas cercanas a cerros, al norte de Monterrey"},"content":{"rendered":"\n<figure class=\"wp-block-video\"><video controls src=\"http:\/\/diariodigitalmx.com\/wp-content\/uploads\/2024\/07\/FDownloader.net-1723424441397555-1080p.mp4\"><\/video><\/figure>\n\n\n\n<p>Monterrey . &#8211; Luego de un deslave del cerro del Topo Chico, donde dos enormes rocas impactaron sobre dos viviendas, las autoridades municipales informaron de la necesidad de evacuar a 22 familias que se ubican en predios irregulares en esa zona del norte de Monterrey.<\/p>\n\n\n\n<p>Protecci\u00f3n Civil estatal inform\u00f3 que fueron dos rocas de m\u00e1s de cuatro metros de largo y varias toneladas de pesos, las que se desprendieron el lunes alrededor de las 7:30 horas en las calles Roca y La Esperanza, en la Colonia Unidad Pedreras, conocida como Fomerrey 106 en las faldas del cerro.<\/p>\n\n\n\n<figure class=\"wp-block-image size-large\"><img loading=\"lazy\" decoding=\"async\" width=\"1024\" height=\"683\" src=\"https:\/\/diariodigitalmx.com\/wp-content\/uploads\/2024\/07\/DESALOJO-1-1024x683.jpg\" alt=\"\" class=\"wp-image-121406\" srcset=\"https:\/\/diariodigitalmx.com\/wp-content\/uploads\/2024\/07\/DESALOJO-1-1024x683.jpg 1024w, https:\/\/diariodigitalmx.com\/wp-content\/uploads\/2024\/07\/DESALOJO-1-300x200.jpg 300w, https:\/\/diariodigitalmx.com\/wp-content\/uploads\/2024\/07\/DESALOJO-1-768x512.jpg 768w, https:\/\/diariodigitalmx.com\/wp-content\/uploads\/2024\/07\/DESALOJO-1-1536x1024.jpg 1536w, https:\/\/diariodigitalmx.com\/wp-content\/uploads\/2024\/07\/DESALOJO-1-2048x1365.jpg 2048w\" sizes=\"(max-width: 1024px) 100vw, 1024px\" \/><\/figure>\n\n\n\n<p>Las paredes de una casa quedaron destruidas y de otra hubo solamente algunos da\u00f1os, pero en ninguna vivienda resultaron personas lesionadas.<\/p>\n\n\n\n<p>Seg\u00fan Protecci\u00f3n Civil las paredes que desprendieron las rocas tras las lluvias de &#8220;Alberto&#8221;, albergaban una antigua pedrera, empresa dedicada a la explotaci\u00f3n de piedra.<\/p>\n\n\n\n<p>Las autoridades desalojaron cinco personas de la vivienda m\u00e1s da\u00f1ada y tres de la segunda, adem\u00e1s de acordonar el \u00e1rea para reducir riesgos.<\/p>\n\n\n\n<figure class=\"wp-block-image size-large\"><img loading=\"lazy\" decoding=\"async\" width=\"1024\" height=\"683\" src=\"https:\/\/diariodigitalmx.com\/wp-content\/uploads\/2024\/07\/DESALOJO-2-1024x683.jpg\" alt=\"\" class=\"wp-image-121407\" srcset=\"https:\/\/diariodigitalmx.com\/wp-content\/uploads\/2024\/07\/DESALOJO-2-1024x683.jpg 1024w, https:\/\/diariodigitalmx.com\/wp-content\/uploads\/2024\/07\/DESALOJO-2-300x200.jpg 300w, https:\/\/diariodigitalmx.com\/wp-content\/uploads\/2024\/07\/DESALOJO-2-768x512.jpg 768w, https:\/\/diariodigitalmx.com\/wp-content\/uploads\/2024\/07\/DESALOJO-2-1536x1024.jpg 1536w, https:\/\/diariodigitalmx.com\/wp-content\/uploads\/2024\/07\/DESALOJO-2-2048x1365.jpg 2048w\" sizes=\"(max-width: 1024px) 100vw, 1024px\" \/><\/figure>\n\n\n\n<p>Protecci\u00f3n Civil de Monterrey inform\u00f3 a su vez, que la zona de ese cerro es identificada de Alto Riesgo Geol\u00f3gico en el Atlas de Riesgo de Nuevo Le\u00f3n y en el proyecto de Atlas municipal.<\/p>\n\n\n\n<p>La dependencia notific\u00f3 a 22 familias de esa zona que deben evacuar sus predios pues hay riesgo de que caigan rocas ante los pron\u00f3sticos de m\u00e1s lluvias.<\/p>\n\n\n\n<p>En principio, dos familias desalojaron voluntariamente y otras siete recibieron apoyo para su traslado a casas de parientes o amigos.<\/p>\n\n\n\n<p>Personal de la Secretar\u00eda de Desarrollo Humano e Igualdad Sustantiva, llev\u00f3 a las familias a refugios estatales y municipales.<\/p>\n\n\n\n<p>El pasado 20 de junio se registr\u00f3 otro deslaves en ese cerro del Topo Chico el cual da\u00f1\u00f3 una vivienda.<\/p>\n\n\n\n<p>Desde el 25 de junio el municipio de Monterrey y Protecci\u00f3n Civil estatal han notificado a unas 49 familias en diversas colonias de ese sector.<\/p>\n","protected":false},"excerpt":{"rendered":"<p>Monterrey . &#8211; Luego de un deslave del cerro del Topo Chico, donde dos enormes rocas impactaron sobre dos viviendas, las autoridades municipales informaron de la necesidad de evacuar a 22 familias que se ubican en predios irregulares en esa zona del norte de Monterrey. Protecci\u00f3n Civil estatal inform\u00f3 que fueron dos rocas de m\u00e1s [&hellip;]<\/p>\n","protected":false},"author":1,"featured_media":121401,"comment_status":"open","ping_status":"open","sticky":true,"template":"","format":"standard","meta":{"footnotes":""},"categories":[6,3],"tags":[],"_links":{"self":[{"href":"https:\/\/diariodigitalmx.com\/index.php\/wp-json\/wp\/v2\/posts\/121399"}],"collection":[{"href":"https:\/\/diariodigitalmx.com\/index.php\/wp-json\/wp\/v2\/posts"}],"about":[{"href":"https:\/\/diariodigitalmx.com\/index.php\/wp-json\/wp\/v2\/types\/post"}],"author":[{"embeddable":true,"href":"https:\/\/diariodigitalmx.com\/index.php\/wp-json\/wp\/v2\/users\/1"}],"replies":[{"embeddable":true,"href":"https:\/\/diariodigitalmx.com\/index.php\/wp-json\/wp\/v2\/comments?post=121399"}],"version-history":[{"count":3,"href":"https:\/\/diariodigitalmx.com\/index.php\/wp-json\/wp\/v2\/posts\/121399\/revisions"}],"predecessor-version":[{"id":121408,"href":"https:\/\/diariodigitalmx.com\/index.php\/wp-json\/wp\/v2\/posts\/121399\/revisions\/121408"}],"wp:featuredmedia":[{"embeddable":true,"href":"https:\/\/diariodigitalmx.com\/index.php\/wp-json\/wp\/v2\/media\/121401"}],"wp:attachment":[{"href":"https:\/\/diariodigitalmx.com\/index.php\/wp-json\/wp\/v2\/media?parent=121399"}],"wp:term":[{"taxonomy":"category","embeddable":true,"href":"https:\/\/diariodigitalmx.com\/index.php\/wp-json\/wp\/v2\/categories?post=121399"},{"taxonomy":"post_tag","embeddable":true,"href":"https:\/\/diariodigitalmx.com\/index.php\/wp-json\/wp\/v2\/tags?post=121399"}],"curies":[{"name":"wp","href":"https:\/\/api.w.org\/{rel}","templated":true}]}}