{"id":121421,"date":"2024-07-03T06:14:09","date_gmt":"2024-07-03T11:14:09","guid":{"rendered":"https:\/\/diariodigitalmx.com\/?p=121421"},"modified":"2024-07-03T06:15:51","modified_gmt":"2024-07-03T11:15:51","slug":"realiza-adrian-gira-de-trabajo-por-texas","status":"publish","type":"post","link":"https:\/\/diariodigitalmx.com\/index.php\/2024\/07\/03\/realiza-adrian-gira-de-trabajo-por-texas\/","title":{"rendered":"Realiza Adri\u00e1n gira de trabajo por Texas"},"content":{"rendered":"\n<p>*<em>Fue invitado por autoridades locales y federales para dialogar sobre temas bilaterales y exponer sus experiencias en seguridad<\/em><\/p>\n\n\n\n<p>El alcalde electo de Monterrey, Adri\u00e1n de la Garza Santos, viaj\u00f3 este martes al estado norteamericano de Texas, donde sostuvo reuniones con autoridades de aquel pa\u00eds.<\/p>\n\n\n\n<p>De la Garza fue invitado en calidad de presidente municipal, a la ciudad de Mission para dialogar con legisladores texanos y federales sobre la implementaci\u00f3n de pol\u00edticas p\u00fablicas de beneficio para los regiomontanos.<\/p>\n\n\n\n<figure class=\"wp-block-image size-large\"><img loading=\"lazy\" decoding=\"async\" width=\"768\" height=\"1024\" src=\"https:\/\/diariodigitalmx.com\/wp-content\/uploads\/2024\/07\/IMG-20240702-WA0101-768x1024.jpg\" alt=\"\" class=\"wp-image-121425\" srcset=\"https:\/\/diariodigitalmx.com\/wp-content\/uploads\/2024\/07\/IMG-20240702-WA0101-768x1024.jpg 768w, https:\/\/diariodigitalmx.com\/wp-content\/uploads\/2024\/07\/IMG-20240702-WA0101-225x300.jpg 225w, https:\/\/diariodigitalmx.com\/wp-content\/uploads\/2024\/07\/IMG-20240702-WA0101-1152x1536.jpg 1152w, https:\/\/diariodigitalmx.com\/wp-content\/uploads\/2024\/07\/IMG-20240702-WA0101.jpg 1200w\" sizes=\"(max-width: 768px) 100vw, 768px\" \/><\/figure>\n\n\n\n<p>En el marco de sus tareas de transici\u00f3n y planeaci\u00f3n para el pr\u00f3ximo Gobierno Municipal, tuvo la oportunidad de dialogar con el Congresista Federal Vicente Gonz\u00e1lez, el Senador de Texas Juan \u201cChuy\u201d Hinojosa, as\u00ed como con empresarios de la regi\u00f3n con negocios transfronterizos y otros invitados.<\/p>\n\n\n\n<p>El Alcalde Electo enfatiz\u00f3 en la importancia del intercambio de buenas pr\u00e1cticas y la colaboraci\u00f3n entre los gobiernos del noreste de M\u00e9xico y el sur de Estados Unidos, debido a que la zona comparte retos como la seguridad y la garant\u00eda del abasto de agua a largo plazo, y las oportunidades que genere el nearshoring a las empresas regiomontanas.<\/p>\n\n\n\n<figure class=\"wp-block-image size-large\"><img loading=\"lazy\" decoding=\"async\" width=\"944\" height=\"1024\" src=\"https:\/\/diariodigitalmx.com\/wp-content\/uploads\/2024\/07\/IMG-20240702-WA0099-944x1024.jpg\" alt=\"\" class=\"wp-image-121427\" srcset=\"https:\/\/diariodigitalmx.com\/wp-content\/uploads\/2024\/07\/IMG-20240702-WA0099-944x1024.jpg 944w, https:\/\/diariodigitalmx.com\/wp-content\/uploads\/2024\/07\/IMG-20240702-WA0099-277x300.jpg 277w, https:\/\/diariodigitalmx.com\/wp-content\/uploads\/2024\/07\/IMG-20240702-WA0099-768x833.jpg 768w, https:\/\/diariodigitalmx.com\/wp-content\/uploads\/2024\/07\/IMG-20240702-WA0099-1416x1536.jpg 1416w, https:\/\/diariodigitalmx.com\/wp-content\/uploads\/2024\/07\/IMG-20240702-WA0099.jpg 1475w\" sizes=\"(max-width: 944px) 100vw, 944px\" \/><\/figure>\n\n\n\n<p>En el encuentro particip\u00f3 el Exalcalde de Mission Armando O\u2019Ca\u00f1a, con quien De la Garza formaliz\u00f3 durante su anterior gesti\u00f3n al frente de Monterrey un Acuerdo de Hermanamiento entre ambas ciudades.<\/p>\n\n\n\n<p>Al respecto se manifest\u00f3 la intenci\u00f3n de retomar diferentes acciones bilaterales en materia de promoci\u00f3n econ\u00f3mica, turismo, desarrollo tecnol\u00f3gico e intercambio de mejores pr\u00e1cticas para la capacitaci\u00f3n de servidores p\u00fablicos.<\/p>\n\n\n\n<p>Posteriormente, el Alcalde Electo de Monterrey estuvo en McAllen, Texas, donde dialog\u00f3 con el Mayor de esta ciudad, Javier Villalobos, con quien pact\u00f3 mantener una comunicaci\u00f3n estrecha durante el pr\u00f3ximo gobierno regio.<\/p>\n\n\n\n<p>Durante ambos encuentros, las autoridades texanas coincidieron en que la seguridad representa una de las principales prioridades en el futuro inmediato, no solo para garantizar la integridad de quienes viajan por placer o negocios entre Nuevo Le\u00f3n y Texas, sino tambi\u00e9n para proteger el crecimiento de las actividades comerciales en la regi\u00f3n.<\/p>\n\n\n\n<p>Adri\u00e1n de la Garza estuvo acompa\u00f1ado por su esposa Gabriela Oyervides, e integrantes de su equipo.<\/p>\n","protected":false},"excerpt":{"rendered":"<p>*Fue invitado por autoridades locales y federales para dialogar sobre temas bilaterales y exponer sus experiencias en seguridad El alcalde electo de Monterrey, Adri\u00e1n de la Garza Santos, viaj\u00f3 este martes al estado norteamericano de Texas, donde sostuvo reuniones con autoridades de aquel pa\u00eds. De la Garza fue invitado en calidad de presidente municipal, a [&hellip;]<\/p>\n","protected":false},"author":1,"featured_media":121423,"comment_status":"open","ping_status":"open","sticky":true,"template":"","format":"standard","meta":{"footnotes":""},"categories":[14,6],"tags":[],"_links":{"self":[{"href":"https:\/\/diariodigitalmx.com\/index.php\/wp-json\/wp\/v2\/posts\/121421"}],"collection":[{"href":"https:\/\/diariodigitalmx.com\/index.php\/wp-json\/wp\/v2\/posts"}],"about":[{"href":"https:\/\/diariodigitalmx.com\/index.php\/wp-json\/wp\/v2\/types\/post"}],"author":[{"embeddable":true,"href":"https:\/\/diariodigitalmx.com\/index.php\/wp-json\/wp\/v2\/users\/1"}],"replies":[{"embeddable":true,"href":"https:\/\/diariodigitalmx.com\/index.php\/wp-json\/wp\/v2\/comments?post=121421"}],"version-history":[{"count":3,"href":"https:\/\/diariodigitalmx.com\/index.php\/wp-json\/wp\/v2\/posts\/121421\/revisions"}],"predecessor-version":[{"id":121428,"href":"https:\/\/diariodigitalmx.com\/index.php\/wp-json\/wp\/v2\/posts\/121421\/revisions\/121428"}],"wp:featuredmedia":[{"embeddable":true,"href":"https:\/\/diariodigitalmx.com\/index.php\/wp-json\/wp\/v2\/media\/121423"}],"wp:attachment":[{"href":"https:\/\/diariodigitalmx.com\/index.php\/wp-json\/wp\/v2\/media?parent=121421"}],"wp:term":[{"taxonomy":"category","embeddable":true,"href":"https:\/\/diariodigitalmx.com\/index.php\/wp-json\/wp\/v2\/categories?post=121421"},{"taxonomy":"post_tag","embeddable":true,"href":"https:\/\/diariodigitalmx.com\/index.php\/wp-json\/wp\/v2\/tags?post=121421"}],"curies":[{"name":"wp","href":"https:\/\/api.w.org\/{rel}","templated":true}]}}