{"id":121435,"date":"2024-07-03T19:39:49","date_gmt":"2024-07-04T00:39:49","guid":{"rendered":"https:\/\/diariodigitalmx.com\/?p=121435"},"modified":"2024-07-03T19:41:12","modified_gmt":"2024-07-04T00:41:12","slug":"fallece-laura-rivas-de-extranormal","status":"publish","type":"post","link":"https:\/\/diariodigitalmx.com\/index.php\/2024\/07\/03\/fallece-laura-rivas-de-extranormal\/","title":{"rendered":"Fallece Laura Rivas, de Extranormal"},"content":{"rendered":"\n<p>Muri\u00f3 la astr\u00f3loga y vidente Laura Rivas, conocida por su destacada participaci\u00f3n en el programa \u201cExtranormal\u201d, que se mantuvo al aire durante 17 a\u00f1os.<\/p>\n\n\n\n<p>Su hermana Marcela Rivas comparti\u00f3 a trav\u00e9s de redes sociales que Laura parti\u00f3 en las primeras horas del 3 de julio, espec\u00edficamente a las 7:22 am y solicit\u00f3 oraciones por el eterno descanso de su hermana.<br>\u201cPido de coraz\u00f3n elevar una oraci\u00f3n por su eterno descanso\u201d, escribi\u00f3.<\/p>\n\n\n\n<p>Rivas fue mucho m\u00e1s que una personalidad televisiva, se destac\u00f3 como escritora, terapeuta, conferencista y vidente.<\/p>\n\n\n\n<p>Su paso por \u201cExtranormal\u201d la catapult\u00f3 a la fama, pero fue su dedicaci\u00f3n a explorar y compartir conocimientos sobre lo paranormal lo que verdaderamente defini\u00f3 su legado.<\/p>\n","protected":false},"excerpt":{"rendered":"<p>Muri\u00f3 la astr\u00f3loga y vidente Laura Rivas, conocida por su destacada participaci\u00f3n en el programa \u201cExtranormal\u201d, que se mantuvo al aire durante 17 a\u00f1os. Su hermana Marcela Rivas comparti\u00f3 a trav\u00e9s de redes sociales que Laura parti\u00f3 en las primeras horas del 3 de julio, espec\u00edficamente a las 7:22 am y solicit\u00f3 oraciones por el [&hellip;]<\/p>\n","protected":false},"author":1,"featured_media":121437,"comment_status":"open","ping_status":"open","sticky":true,"template":"","format":"standard","meta":{"footnotes":""},"categories":[14,9],"tags":[],"_links":{"self":[{"href":"https:\/\/diariodigitalmx.com\/index.php\/wp-json\/wp\/v2\/posts\/121435"}],"collection":[{"href":"https:\/\/diariodigitalmx.com\/index.php\/wp-json\/wp\/v2\/posts"}],"about":[{"href":"https:\/\/diariodigitalmx.com\/index.php\/wp-json\/wp\/v2\/types\/post"}],"author":[{"embeddable":true,"href":"https:\/\/diariodigitalmx.com\/index.php\/wp-json\/wp\/v2\/users\/1"}],"replies":[{"embeddable":true,"href":"https:\/\/diariodigitalmx.com\/index.php\/wp-json\/wp\/v2\/comments?post=121435"}],"version-history":[{"count":1,"href":"https:\/\/diariodigitalmx.com\/index.php\/wp-json\/wp\/v2\/posts\/121435\/revisions"}],"predecessor-version":[{"id":121436,"href":"https:\/\/diariodigitalmx.com\/index.php\/wp-json\/wp\/v2\/posts\/121435\/revisions\/121436"}],"wp:featuredmedia":[{"embeddable":true,"href":"https:\/\/diariodigitalmx.com\/index.php\/wp-json\/wp\/v2\/media\/121437"}],"wp:attachment":[{"href":"https:\/\/diariodigitalmx.com\/index.php\/wp-json\/wp\/v2\/media?parent=121435"}],"wp:term":[{"taxonomy":"category","embeddable":true,"href":"https:\/\/diariodigitalmx.com\/index.php\/wp-json\/wp\/v2\/categories?post=121435"},{"taxonomy":"post_tag","embeddable":true,"href":"https:\/\/diariodigitalmx.com\/index.php\/wp-json\/wp\/v2\/tags?post=121435"}],"curies":[{"name":"wp","href":"https:\/\/api.w.org\/{rel}","templated":true}]}}