{"id":121438,"date":"2024-07-04T00:02:50","date_gmt":"2024-07-04T05:02:50","guid":{"rendered":"https:\/\/diariodigitalmx.com\/?p=121438"},"modified":"2024-07-04T00:04:04","modified_gmt":"2024-07-04T05:04:04","slug":"jamaica-azotado-por-beryl","status":"publish","type":"post","link":"https:\/\/diariodigitalmx.com\/index.php\/2024\/07\/04\/jamaica-azotado-por-beryl\/","title":{"rendered":"Jamaica azotado por Beryl"},"content":{"rendered":"\n<figure class=\"wp-block-video\"><video controls src=\"http:\/\/diariodigitalmx.com\/wp-content\/uploads\/2024\/07\/xN2W-LClbJ_KSORz-1.mp4\"><\/video><\/figure>\n\n\n\n<p>El hurac\u00e1n Beryl est\u00e1 causando estragos en todos los pa\u00edses de Suram\u00e9rica y el Caribe por los que atraves\u00f3 en los \u00faltimos d\u00edas. Este mi\u00e9rcoles, su estela de vientos y lluvia tuvo un impacto particularmente significativo en Jamaica, constatan las im\u00e1genes y videos de la isla compartidos en redes sociales.<\/p>\n\n\n\n<p>El gobierno de Jamaica estableci\u00f3 un estado de emergencia y se declar\u00f3 a la isla una zona de desastre para los pr\u00f3ximos 7 d\u00edas. Estas medidas pretenden &#8220;garantizar la seguridad de todos durante el paso de la tormenta y evitar cualquier movimiento con la intenci\u00f3n de realizar actividades delictivas&#8221;.<br>El primer ministro de Jamaica, Andrew Holness inform\u00f3 que una orden de evacuaci\u00f3n est\u00e1 vigente para \u00e1reas propensas a inundaciones y deslizamientos de tierra, tanto aquellas situadas al nivel del mar como las cercanas a barrancos o v\u00edas fluviales.<\/p>\n","protected":false},"excerpt":{"rendered":"<p>El hurac\u00e1n Beryl est\u00e1 causando estragos en todos los pa\u00edses de Suram\u00e9rica y el Caribe por los que atraves\u00f3 en los \u00faltimos d\u00edas. Este mi\u00e9rcoles, su estela de vientos y lluvia tuvo un impacto particularmente significativo en Jamaica, constatan las im\u00e1genes y videos de la isla compartidos en redes sociales. El gobierno de Jamaica estableci\u00f3 [&hellip;]<\/p>\n","protected":false},"author":1,"featured_media":121440,"comment_status":"open","ping_status":"open","sticky":true,"template":"","format":"standard","meta":{"footnotes":""},"categories":[4,3],"tags":[],"_links":{"self":[{"href":"https:\/\/diariodigitalmx.com\/index.php\/wp-json\/wp\/v2\/posts\/121438"}],"collection":[{"href":"https:\/\/diariodigitalmx.com\/index.php\/wp-json\/wp\/v2\/posts"}],"about":[{"href":"https:\/\/diariodigitalmx.com\/index.php\/wp-json\/wp\/v2\/types\/post"}],"author":[{"embeddable":true,"href":"https:\/\/diariodigitalmx.com\/index.php\/wp-json\/wp\/v2\/users\/1"}],"replies":[{"embeddable":true,"href":"https:\/\/diariodigitalmx.com\/index.php\/wp-json\/wp\/v2\/comments?post=121438"}],"version-history":[{"count":2,"href":"https:\/\/diariodigitalmx.com\/index.php\/wp-json\/wp\/v2\/posts\/121438\/revisions"}],"predecessor-version":[{"id":121443,"href":"https:\/\/diariodigitalmx.com\/index.php\/wp-json\/wp\/v2\/posts\/121438\/revisions\/121443"}],"wp:featuredmedia":[{"embeddable":true,"href":"https:\/\/diariodigitalmx.com\/index.php\/wp-json\/wp\/v2\/media\/121440"}],"wp:attachment":[{"href":"https:\/\/diariodigitalmx.com\/index.php\/wp-json\/wp\/v2\/media?parent=121438"}],"wp:term":[{"taxonomy":"category","embeddable":true,"href":"https:\/\/diariodigitalmx.com\/index.php\/wp-json\/wp\/v2\/categories?post=121438"},{"taxonomy":"post_tag","embeddable":true,"href":"https:\/\/diariodigitalmx.com\/index.php\/wp-json\/wp\/v2\/tags?post=121438"}],"curies":[{"name":"wp","href":"https:\/\/api.w.org\/{rel}","templated":true}]}}