{"id":121465,"date":"2024-07-04T15:41:45","date_gmt":"2024-07-04T20:41:45","guid":{"rendered":"https:\/\/diariodigitalmx.com\/?p=121465"},"modified":"2024-07-04T15:42:36","modified_gmt":"2024-07-04T20:42:36","slug":"tiene-nl-nuevo-titular-de-seguridad-publica-estatal","status":"publish","type":"post","link":"https:\/\/diariodigitalmx.com\/index.php\/2024\/07\/04\/tiene-nl-nuevo-titular-de-seguridad-publica-estatal\/","title":{"rendered":"Tiene NL nuevo titular de Seguridad P\u00fablica estatal"},"content":{"rendered":"\n<p>Monterrey. &#8211;&nbsp; En medio de altos \u00edndices de inseguridad, principalmente ejecuciones y homicidios, el Gobernador del Nuevo Le\u00f3n, Samuel Alejandro Garc\u00eda Sep\u00falveda, nombr\u00f3 a Gerardo Escamilla Vargas, como Secretario de Seguridad, en sustituci\u00f3n de Gerardo Palacios P\u00e1manes.<\/p>\n\n\n\n<p>La toma del cargo de Escamilla Vargas se realiz\u00f3 en un evento privado en Palacio de Gobierno este jueves, y con el nombramiento, la corporaci\u00f3n Fuerza Civil asume el mando directo del C5, la Agencia de Administraci\u00f3n Penitenciaria, los Servicios de Seguridad e Inteligencia del Estado, la UMECA y la Escuela Superior de Inteligencia para fortalecer la coordinaci\u00f3n, seguimiento y operaci\u00f3n de la seguridad p\u00fablica en el Estado.&nbsp;<\/p>\n\n\n\n<p>Gerardo Escamilla Vargas, quien se desempe\u00f1aba como Comisario General de Fuerza Civil desde&nbsp;julio de 2022, cuenta con dos Licenciaturas en Criminolog\u00eda y Ciencias Jur\u00eddicas, respectivamente.&nbsp;<\/p>\n\n\n\n<p>Adem\u00e1s, fue Secretario de Seguridad P\u00fablica de San Pedro Garza Garc\u00eda de marzo de 2019 a junio de 2022, Director de la Academia de la Polic\u00eda de Monterrey de 2017 a 2018 y Director de profesionalizaci\u00f3n y Disciplina de la Universidad de Ciencias de la Seguridad de 2012 a 2017, entre otros.&nbsp;<\/p>\n\n\n\n<p>La designaci\u00f3n obedece al fortalecimiento y posicionamiento de la instituci\u00f3n de Fuerza Civil para cumplir con los objetivos estrat\u00e9gicos en materia de seguridad, inform\u00f3 el gobierno en un comunicado de prensa.<\/p>\n\n\n\n<p>LOS N\u00daMEROS&nbsp;QUE DEJA PALACIOS<\/p>\n\n\n\n<p>Gerardo Palacios P\u00e1manes deja el cargo con 803 homicidios al cierre de junio de este a\u00f1o, la peor racha de violencia desde el 2012, cuando se atravesaba la peor crisis de inseguridad.<\/p>\n\n\n\n<p>El 2022 cerr\u00f3 con mil 428 homicidios, la cantidad m\u00e1s alta en una d\u00e9cada.<\/p>\n\n\n\n<p>Palacios P\u00e1manes asumi\u00f3 el cargo de secretario de Seguridad P\u00fablica el 16 de julio del 2022 en sustituci\u00f3n de Aldo Fasci, quien dej\u00f3 la dependencia por problemas de salud.<\/p>\n\n\n\n<p>Aunque no estuvo presente el saliente, el gobernador agradeci\u00f3 a Gerardo Palacios P\u00e1manes por su desempe\u00f1o e institucionalidad durante estos dos a\u00f1os de trabajo.<\/p>\n\n\n\n<p>La inseguridad en Nuevo Le\u00f3n est\u00e1 al alza y 2023 se&nbsp;situ\u00f3 como el a\u00f1o m\u00e1s violento al superar los niveles alcanzados entre los a\u00f1os 2010-2012 cuando los c\u00e1rteles de la delincuencia organizada sembraron el terror y el p\u00e1nico en la disputa de la plaza. Hubo mil 410 homicidios.<\/p>\n\n\n\n<p>De esta manera, las cifras oficiales indican que en 2019 hubo 956 homicidios; en 2020, 914, y en 2021, 969. En 2023 se superaron los mil 410 homicidios.<\/p>\n\n\n\n<p>De octubre de 2021 a septiembre de 2023, se registraron 2 mil 688 homicidios dolosos, seg\u00fan los datos de la Fiscal\u00eda de Justicia, una cifra que duplica en el mismo lapso de tiempo al gobierno del Bronco, Jaime Rodr\u00edguez, que report\u00f3 mil 26.<\/p>\n\n\n\n<p>NI SUPERMAN ARREGLA LA VIOLENCIA<\/p>\n\n\n\n<p>En mayo de 2019, Aldo Fasci, entonces secretario de Seguridad P\u00fablica del gobierno de Jaime Rodr\u00edguez Calder\u00f3n, confes\u00f3 que ni Superm\u00e1n resolver\u00eda el problema de la inseguridad.<\/p>\n\n\n\n<p>En el Pa\u00eds aument\u00f3 al doble, si estamos para llorar en Nuevo Le\u00f3n, en el Pa\u00eds est\u00e1 al doble, la violencia en el Pa\u00eds est\u00e1 del asco. As\u00ed: Del asco. Est\u00e1n las ejecuciones en todos lados&#8221;, coment\u00f3 ante los altos \u00edndices de violencia que se manten\u00edan en esa administraci\u00f3n de El Bronco.<\/p>\n\n\n\n<p>&#8220;Vamos p\u00e9simo, tenemos que arreglarlo, le estamos entrando, nada m\u00e1s que no son enchiladas, son balazos, Nos podemos traer a Superman de Secretario, y no se va a arreglar&#8221;, advirti\u00f3.<\/p>\n\n\n\n<p>Posteriormente, en octubre de 2021 asumi\u00f3 la gubernatura Samuel Garc\u00eda y ratific\u00f3 en el cargo de titular de seguridad a Aldo Fasci.<\/p>\n","protected":false},"excerpt":{"rendered":"<p>Monterrey. &#8211;&nbsp; En medio de altos \u00edndices de inseguridad, principalmente ejecuciones y homicidios, el Gobernador del Nuevo Le\u00f3n, Samuel Alejandro Garc\u00eda Sep\u00falveda, nombr\u00f3 a Gerardo Escamilla Vargas, como Secretario de Seguridad, en sustituci\u00f3n de Gerardo Palacios P\u00e1manes. La toma del cargo de Escamilla Vargas se realiz\u00f3 en un evento privado en Palacio de Gobierno este [&hellip;]<\/p>\n","protected":false},"author":1,"featured_media":121467,"comment_status":"open","ping_status":"open","sticky":true,"template":"","format":"standard","meta":{"footnotes":""},"categories":[6,3],"tags":[],"_links":{"self":[{"href":"https:\/\/diariodigitalmx.com\/index.php\/wp-json\/wp\/v2\/posts\/121465"}],"collection":[{"href":"https:\/\/diariodigitalmx.com\/index.php\/wp-json\/wp\/v2\/posts"}],"about":[{"href":"https:\/\/diariodigitalmx.com\/index.php\/wp-json\/wp\/v2\/types\/post"}],"author":[{"embeddable":true,"href":"https:\/\/diariodigitalmx.com\/index.php\/wp-json\/wp\/v2\/users\/1"}],"replies":[{"embeddable":true,"href":"https:\/\/diariodigitalmx.com\/index.php\/wp-json\/wp\/v2\/comments?post=121465"}],"version-history":[{"count":1,"href":"https:\/\/diariodigitalmx.com\/index.php\/wp-json\/wp\/v2\/posts\/121465\/revisions"}],"predecessor-version":[{"id":121466,"href":"https:\/\/diariodigitalmx.com\/index.php\/wp-json\/wp\/v2\/posts\/121465\/revisions\/121466"}],"wp:featuredmedia":[{"embeddable":true,"href":"https:\/\/diariodigitalmx.com\/index.php\/wp-json\/wp\/v2\/media\/121467"}],"wp:attachment":[{"href":"https:\/\/diariodigitalmx.com\/index.php\/wp-json\/wp\/v2\/media?parent=121465"}],"wp:term":[{"taxonomy":"category","embeddable":true,"href":"https:\/\/diariodigitalmx.com\/index.php\/wp-json\/wp\/v2\/categories?post=121465"},{"taxonomy":"post_tag","embeddable":true,"href":"https:\/\/diariodigitalmx.com\/index.php\/wp-json\/wp\/v2\/tags?post=121465"}],"curies":[{"name":"wp","href":"https:\/\/api.w.org\/{rel}","templated":true}]}}