{"id":121513,"date":"2024-07-06T22:15:02","date_gmt":"2024-07-07T03:15:02","guid":{"rendered":"https:\/\/diariodigitalmx.com\/?p=121513"},"modified":"2024-07-06T22:16:39","modified_gmt":"2024-07-07T03:16:39","slug":"transformara-escobedo-lateral-de-avenida-sendero-divisorio","status":"publish","type":"post","link":"https:\/\/diariodigitalmx.com\/index.php\/2024\/07\/06\/transformara-escobedo-lateral-de-avenida-sendero-divisorio\/","title":{"rendered":"Transformar\u00e1 Escobedo lateral de Avenida Sendero Divisorio"},"content":{"rendered":"\n<p>Como parte del plan integral para mejorar la movilidad el Gobierno de Escobedo comenz\u00f3 la rehabilitaci\u00f3n de la lateral de la Avenida Sendero Divisorio Norte, obra que traer\u00e1 beneficio a los vecinos del norponiente de la Ciudad.<\/p>\n\n\n\n<p>El Alcalde Andr\u00e9s Mijes junto a vecinos del sector dio el banderazo de arranque de los trabajos que brindar\u00e1 a la colonia Villas de San Francisco y alrededores una vialidad de calidad y traslados m\u00e1s agiles.<\/p>\n\n\n\n<figure class=\"wp-block-image size-large\"><img loading=\"lazy\" decoding=\"async\" width=\"1024\" height=\"681\" src=\"https:\/\/diariodigitalmx.com\/wp-content\/uploads\/2024\/07\/Q9A7274-1024x681.jpg\" alt=\"\" class=\"wp-image-121516\" srcset=\"https:\/\/diariodigitalmx.com\/wp-content\/uploads\/2024\/07\/Q9A7274-1024x681.jpg 1024w, https:\/\/diariodigitalmx.com\/wp-content\/uploads\/2024\/07\/Q9A7274-300x199.jpg 300w, https:\/\/diariodigitalmx.com\/wp-content\/uploads\/2024\/07\/Q9A7274-768x511.jpg 768w, https:\/\/diariodigitalmx.com\/wp-content\/uploads\/2024\/07\/Q9A7274-1536x1021.jpg 1536w, https:\/\/diariodigitalmx.com\/wp-content\/uploads\/2024\/07\/Q9A7274-2048x1362.jpg 2048w\" sizes=\"(max-width: 1024px) 100vw, 1024px\" \/><\/figure>\n\n\n\n<p>\u201cEstamos trabajando para que tengan una mejor vialidad, apostamos a que tengan mayor movilidad en este sector y se pueda agilizar el tr\u00e1fico para que no pierdan tiempo en sus traslados\u201d, se\u00f1al\u00f3 el Edil.<\/p>\n\n\n\n<p>Mijes, expres\u00f3 que se seguir\u00e1n impulsando obras de esta \u00edndole para transformar las comunidades.<\/p>\n\n\n\n<figure class=\"wp-block-image size-large\"><img loading=\"lazy\" decoding=\"async\" width=\"1024\" height=\"681\" src=\"http:\/\/diariodigitalmx.com\/wp-content\/uploads\/2024\/07\/IMG_20240705_154738_903-1024x681.jpg\" alt=\"\" class=\"wp-image-121518\" srcset=\"https:\/\/diariodigitalmx.com\/wp-content\/uploads\/2024\/07\/IMG_20240705_154738_903-1024x681.jpg 1024w, https:\/\/diariodigitalmx.com\/wp-content\/uploads\/2024\/07\/IMG_20240705_154738_903-300x200.jpg 300w, https:\/\/diariodigitalmx.com\/wp-content\/uploads\/2024\/07\/IMG_20240705_154738_903-768x511.jpg 768w, https:\/\/diariodigitalmx.com\/wp-content\/uploads\/2024\/07\/IMG_20240705_154738_903-1536x1022.jpg 1536w, https:\/\/diariodigitalmx.com\/wp-content\/uploads\/2024\/07\/IMG_20240705_154738_903-2048x1363.jpg 2048w\" sizes=\"(max-width: 1024px) 100vw, 1024px\" \/><\/figure>\n\n\n\n<p>Los trabajos de reconstrucci\u00f3n de pavimento se realizar\u00e1n desde la Avenida \u00c1guila Real a la Calle San Francisco de As\u00eds, abarcando un \u00e1rea cercana a los 2 mil metros cuadrados y se aplicar\u00e1 concreto hidr\u00e1ulico para garantizar una mayor durabilidad y resistencia.<\/p>\n\n\n\n<p>En esta obra se est\u00e1 invirtiendo 4 millones de recursos municipales y se beneficiar\u00e1n m\u00e1s de 50 mil ciudadanos.<\/p>\n\n\n\n<p>La Avenida Sendero Divisorio forma parte de un circuito vial que conecta a los vecinos de este sector con el Libramiento Noreste, Avenida \u00c1guila Real y Constituci\u00f3n, por ello la importancia de brindarle un nuevo rostro.<\/p>\n\n\n\n<p>Otra de las zonas en las que se est\u00e1 trabajando es la Avenida Agualeguas, el Alcalde Andr\u00e9s Mijes junto a Martiniano Rueda, Secretario de Obras P\u00fablicas acudieron a supervisar las acciones y avance que se est\u00e1 teniendo para modernizar esta vialidad.<\/p>\n\n\n\n<p>En Avenida Agualeguas se est\u00e1 trabajando para reconstruir toda la carpeta asf\u00e1ltica desde la Avenida Camino Real hasta l\u00edmites con la Colonia 18 de Octubre.<\/p>\n","protected":false},"excerpt":{"rendered":"<p>Como parte del plan integral para mejorar la movilidad el Gobierno de Escobedo comenz\u00f3 la rehabilitaci\u00f3n de la lateral de la Avenida Sendero Divisorio Norte, obra que traer\u00e1 beneficio a los vecinos del norponiente de la Ciudad. El Alcalde Andr\u00e9s Mijes junto a vecinos del sector dio el banderazo de arranque de los trabajos que [&hellip;]<\/p>\n","protected":false},"author":1,"featured_media":121515,"comment_status":"open","ping_status":"open","sticky":true,"template":"","format":"standard","meta":{"footnotes":""},"categories":[14,6],"tags":[],"_links":{"self":[{"href":"https:\/\/diariodigitalmx.com\/index.php\/wp-json\/wp\/v2\/posts\/121513"}],"collection":[{"href":"https:\/\/diariodigitalmx.com\/index.php\/wp-json\/wp\/v2\/posts"}],"about":[{"href":"https:\/\/diariodigitalmx.com\/index.php\/wp-json\/wp\/v2\/types\/post"}],"author":[{"embeddable":true,"href":"https:\/\/diariodigitalmx.com\/index.php\/wp-json\/wp\/v2\/users\/1"}],"replies":[{"embeddable":true,"href":"https:\/\/diariodigitalmx.com\/index.php\/wp-json\/wp\/v2\/comments?post=121513"}],"version-history":[{"count":2,"href":"https:\/\/diariodigitalmx.com\/index.php\/wp-json\/wp\/v2\/posts\/121513\/revisions"}],"predecessor-version":[{"id":121519,"href":"https:\/\/diariodigitalmx.com\/index.php\/wp-json\/wp\/v2\/posts\/121513\/revisions\/121519"}],"wp:featuredmedia":[{"embeddable":true,"href":"https:\/\/diariodigitalmx.com\/index.php\/wp-json\/wp\/v2\/media\/121515"}],"wp:attachment":[{"href":"https:\/\/diariodigitalmx.com\/index.php\/wp-json\/wp\/v2\/media?parent=121513"}],"wp:term":[{"taxonomy":"category","embeddable":true,"href":"https:\/\/diariodigitalmx.com\/index.php\/wp-json\/wp\/v2\/categories?post=121513"},{"taxonomy":"post_tag","embeddable":true,"href":"https:\/\/diariodigitalmx.com\/index.php\/wp-json\/wp\/v2\/tags?post=121513"}],"curies":[{"name":"wp","href":"https:\/\/api.w.org\/{rel}","templated":true}]}}