{"id":121530,"date":"2024-07-08T06:21:39","date_gmt":"2024-07-08T11:21:39","guid":{"rendered":"https:\/\/diariodigitalmx.com\/?p=121530"},"modified":"2024-07-08T06:23:29","modified_gmt":"2024-07-08T11:23:29","slug":"para-leer-2","status":"publish","type":"post","link":"https:\/\/diariodigitalmx.com\/index.php\/2024\/07\/08\/para-leer-2\/","title":{"rendered":"Para leer"},"content":{"rendered":"\n<p>Gerson G\u00f3mez Salas <\/p>\n\n\n\n<p>Orfandad de Karina Sosa<br><br>Con su escritura \u00edntima, de una belleza desgarradora, Karina Sosa nos ofrece un testimonio a la vez doloroso y privilegiado de uno de los movimientos sociales que han delineado el rostro del M\u00e9xico contempor\u00e1neo. Una hija descubre la grieta en su familia: sus padres est\u00e1n separados y la casa en la que crecen ella y sus hermanos se va poblando de recuerdos. En junio de 2006, el padre de Karina la protagonista de esta historia encabeza una lucha popular para que el gobierno de Oaxaca caiga y se haga justicia.<\/p>\n\n\n\n<figure class=\"wp-block-image size-full\"><img loading=\"lazy\" decoding=\"async\" width=\"200\" height=\"317\" src=\"https:\/\/diariodigitalmx.com\/wp-content\/uploads\/2024\/07\/4452172-800-auto.webp\" alt=\"\" class=\"wp-image-121533\" srcset=\"https:\/\/diariodigitalmx.com\/wp-content\/uploads\/2024\/07\/4452172-800-auto.webp 200w, https:\/\/diariodigitalmx.com\/wp-content\/uploads\/2024\/07\/4452172-800-auto-189x300.webp 189w\" sizes=\"(max-width: 200px) 100vw, 200px\" \/><\/figure>\n\n\n\n<p>El lugar de la herida de Laura Baeza<\/p>\n\n\n\n<p>El suelo inofensivo me daba miedo porque no sab\u00eda si debajo de sus pies se abrir\u00eda la tierra. \u00bfQu\u00e9 pasa cuando someter a otras personas es la \u00fanica forma de sobrevivir? \u00bfLa desobediencia es posible siempre? \u00bfQu\u00e9 redes de complicidad teje el silencio? \u00bfC\u00f3mo distinguir entre v\u00edctima y victimario? Aqu\u00ed hay dos narradoras potentes y perspicaz es: Lucero y Dolores. La primera es una adolescente de juicios agudos y la apremiante necesidad de recibir aceptaci\u00f3n. La segunda es la madre de Nancy, compa\u00f1era de secundaria de Lucero, que atraviesa la agon\u00eda de buscar a su hija desaparecida.<\/p>\n\n\n\n<figure class=\"wp-block-image size-full\"><img loading=\"lazy\" decoding=\"async\" width=\"200\" height=\"306\" src=\"https:\/\/diariodigitalmx.com\/wp-content\/uploads\/2024\/07\/4496577-800-auto.webp\" alt=\"\" class=\"wp-image-121535\" srcset=\"https:\/\/diariodigitalmx.com\/wp-content\/uploads\/2024\/07\/4496577-800-auto.webp 200w, https:\/\/diariodigitalmx.com\/wp-content\/uploads\/2024\/07\/4496577-800-auto-196x300.webp 196w\" sizes=\"(max-width: 200px) 100vw, 200px\" \/><\/figure>\n\n\n\n<p>La austeridad mata de Nayeli Rold\u00e1n S\u00e1nchez<br>La Cuarta Transformaci\u00f3n prometi\u00f3 mejorar la vida del pueblo a trav\u00e9s de una estricta pol\u00edtica de austeridad en el Gobierno; sin embargo, lo que parec\u00eda ser una medida positiva, pronto se convirti\u00f3 en tragedia nacional. A medida que los gastos suntuosos se reduc\u00edan, los programas vitales, tambi\u00e9n.<br>El sistema de salud, perfectible pero funcional durante a\u00f1os, se vio imposibilitado para salvar vidas. Sin medicinas ni quimioterapias, las madres de ni\u00f1os con c\u00e1ncer salieron a gritarle al presidente: Nuestros hijos se nos est\u00e1n muriendo. \u00a1No es posible que usted ni nos voltee a ver!.<br>Otros programas sociales, como los que apoyaban a las madres trabajadoras, se eliminaron; mientras que el mantenimiento de aeropuertos y carreteras qued\u00f3 relegado hasta casi desaparecer: en 2021, m\u00e1s de 3 000 personas murieron a causa de accidentes en los caminos.<br>Con un trabajo period\u00edstico sin precedentes, que muestra la cruda realidad detr\u00e1s de las decisiones del presidente Andr\u00e9s Manuel L\u00f3pez Obrador, Nayeli Rold\u00e1n, reconocida por su impecable investigaci\u00f3n sobre La estafa maestra Premio Nacional de Periodismo 2017 y Premio Ortega y Gasset 2018, te lleva de la mano a trav\u00e9s de las cifras e historias que revelan c\u00f3mo la austeridad mal gestionada ha dejado al pueblo mexicano entre la indignaci\u00f3n y el desamparo.<\/p>\n","protected":false},"excerpt":{"rendered":"<p>Gerson G\u00f3mez Salas Orfandad de Karina Sosa Con su escritura \u00edntima, de una belleza desgarradora, Karina Sosa nos ofrece un testimonio a la vez doloroso y privilegiado de uno de los movimientos sociales que han delineado el rostro del M\u00e9xico contempor\u00e1neo. Una hija descubre la grieta en su familia: sus padres est\u00e1n separados y la [&hellip;]<\/p>\n","protected":false},"author":1,"featured_media":121532,"comment_status":"open","ping_status":"open","sticky":true,"template":"","format":"standard","meta":{"footnotes":""},"categories":[11,14,1],"tags":[],"_links":{"self":[{"href":"https:\/\/diariodigitalmx.com\/index.php\/wp-json\/wp\/v2\/posts\/121530"}],"collection":[{"href":"https:\/\/diariodigitalmx.com\/index.php\/wp-json\/wp\/v2\/posts"}],"about":[{"href":"https:\/\/diariodigitalmx.com\/index.php\/wp-json\/wp\/v2\/types\/post"}],"author":[{"embeddable":true,"href":"https:\/\/diariodigitalmx.com\/index.php\/wp-json\/wp\/v2\/users\/1"}],"replies":[{"embeddable":true,"href":"https:\/\/diariodigitalmx.com\/index.php\/wp-json\/wp\/v2\/comments?post=121530"}],"version-history":[{"count":3,"href":"https:\/\/diariodigitalmx.com\/index.php\/wp-json\/wp\/v2\/posts\/121530\/revisions"}],"predecessor-version":[{"id":121536,"href":"https:\/\/diariodigitalmx.com\/index.php\/wp-json\/wp\/v2\/posts\/121530\/revisions\/121536"}],"wp:featuredmedia":[{"embeddable":true,"href":"https:\/\/diariodigitalmx.com\/index.php\/wp-json\/wp\/v2\/media\/121532"}],"wp:attachment":[{"href":"https:\/\/diariodigitalmx.com\/index.php\/wp-json\/wp\/v2\/media?parent=121530"}],"wp:term":[{"taxonomy":"category","embeddable":true,"href":"https:\/\/diariodigitalmx.com\/index.php\/wp-json\/wp\/v2\/categories?post=121530"},{"taxonomy":"post_tag","embeddable":true,"href":"https:\/\/diariodigitalmx.com\/index.php\/wp-json\/wp\/v2\/tags?post=121530"}],"curies":[{"name":"wp","href":"https:\/\/api.w.org\/{rel}","templated":true}]}}