{"id":121542,"date":"2024-07-08T06:41:56","date_gmt":"2024-07-08T11:41:56","guid":{"rendered":"https:\/\/diariodigitalmx.com\/?p=121542"},"modified":"2024-07-08T06:42:30","modified_gmt":"2024-07-08T11:42:30","slug":"necesitamos-un-bukele","status":"publish","type":"post","link":"https:\/\/diariodigitalmx.com\/index.php\/2024\/07\/08\/necesitamos-un-bukele\/","title":{"rendered":"\u00bfNecesitamos un Bukele?"},"content":{"rendered":"\n<p>Ixtoc Hinojosa G\u00e1ndara<\/p>\n\n\n\n<p>Cuando la respuesta es una seguridad en la que la taza de homicidios es tan cercana al cero, en la cual casi hay una percepci\u00f3n absoluta de seguridad plena, parece que otros factores que rodean a nuestra vida personal llegan a carecer de importancia. Y no solo es la percepci\u00f3n de un servidor, sino lo que demuestran estudios realizados por World Justice Project y Latinobarometro donde demuestran que casi la mitad de la poblaci\u00f3n estar\u00eda dispuesta a carecer de otras libertades y privilegios como la democracia con tal de vivir en una sociedad segura.<\/p>\n\n\n\n<p>Es de casi todos conocido el hecho de que el presidente de la Republica de El Salvador, Nayib Bukele ha logrado una disminuci\u00f3n hist\u00f3rica de los \u00edndices de criminalidad en su pa\u00eds pero lo que aparece en las noticias solo es eso y no el atropello a los otros poderes de esa republica, en particular al poder judicial en donde se desapareci\u00f3 a su sala constitucional y el legislativo, dominado de manera casi absoluta por partidarios de Bukele, nombr\u00f3 a los nuevos miembros y estos fueron los que realizaron interpretaciones a la constituci\u00f3n contrarias a la misma, tal es el caso de la reelecci\u00f3n presidencial.<\/p>\n\n\n\n<p>Esto es una clara demostraci\u00f3n de los males que puede traer el populismo y el autoritarismo, de ninguna manera niego los \u00e9xitos salvadore\u00f1os &nbsp;en la reducci\u00f3n de la criminalidad, pero si me pregunto si este no trajo consigo atropellos a loa derechos humanos, no solo de los presos sino de los ciudadanos en libertad. Esto tambi\u00e9n demuestra una gran falla y grieta en la democracia liberal, la cual nunca me cansare de defender. El \u00e9xito en la seguridad publica dista mucho de la destructora administraci\u00f3n del actual gobierno federal mexicano, pero es muy cercana a sus logros electorales y se asemeja mucho a los peligros de la democracia que debe prevalecer.<\/p>\n","protected":false},"excerpt":{"rendered":"<p>Ixtoc Hinojosa G\u00e1ndara Cuando la respuesta es una seguridad en la que la taza de homicidios es tan cercana al cero, en la cual casi hay una percepci\u00f3n absoluta de seguridad plena, parece que otros factores que rodean a nuestra vida personal llegan a carecer de importancia. Y no solo es la percepci\u00f3n de un [&hellip;]<\/p>\n","protected":false},"author":1,"featured_media":121335,"comment_status":"open","ping_status":"open","sticky":true,"template":"","format":"standard","meta":{"footnotes":""},"categories":[14,12],"tags":[],"_links":{"self":[{"href":"https:\/\/diariodigitalmx.com\/index.php\/wp-json\/wp\/v2\/posts\/121542"}],"collection":[{"href":"https:\/\/diariodigitalmx.com\/index.php\/wp-json\/wp\/v2\/posts"}],"about":[{"href":"https:\/\/diariodigitalmx.com\/index.php\/wp-json\/wp\/v2\/types\/post"}],"author":[{"embeddable":true,"href":"https:\/\/diariodigitalmx.com\/index.php\/wp-json\/wp\/v2\/users\/1"}],"replies":[{"embeddable":true,"href":"https:\/\/diariodigitalmx.com\/index.php\/wp-json\/wp\/v2\/comments?post=121542"}],"version-history":[{"count":1,"href":"https:\/\/diariodigitalmx.com\/index.php\/wp-json\/wp\/v2\/posts\/121542\/revisions"}],"predecessor-version":[{"id":121543,"href":"https:\/\/diariodigitalmx.com\/index.php\/wp-json\/wp\/v2\/posts\/121542\/revisions\/121543"}],"wp:featuredmedia":[{"embeddable":true,"href":"https:\/\/diariodigitalmx.com\/index.php\/wp-json\/wp\/v2\/media\/121335"}],"wp:attachment":[{"href":"https:\/\/diariodigitalmx.com\/index.php\/wp-json\/wp\/v2\/media?parent=121542"}],"wp:term":[{"taxonomy":"category","embeddable":true,"href":"https:\/\/diariodigitalmx.com\/index.php\/wp-json\/wp\/v2\/categories?post=121542"},{"taxonomy":"post_tag","embeddable":true,"href":"https:\/\/diariodigitalmx.com\/index.php\/wp-json\/wp\/v2\/tags?post=121542"}],"curies":[{"name":"wp","href":"https:\/\/api.w.org\/{rel}","templated":true}]}}