{"id":121550,"date":"2024-07-08T12:15:44","date_gmt":"2024-07-08T17:15:44","guid":{"rendered":"https:\/\/diariodigitalmx.com\/?p=121550"},"modified":"2024-07-08T12:17:17","modified_gmt":"2024-07-08T17:17:17","slug":"adquiere-senda-100-unidades-dina-para-transporte-de-personal","status":"publish","type":"post","link":"https:\/\/diariodigitalmx.com\/index.php\/2024\/07\/08\/adquiere-senda-100-unidades-dina-para-transporte-de-personal\/","title":{"rendered":"Adquiere Senda 100 unidades Dina para transporte de personal"},"content":{"rendered":"\n<p>Monterrey, Nuevo Le\u00f3n.- Grupo Senda y Dina celebraron la adquisici\u00f3n de 100 unidades nuevas de baja emisi\u00f3n para su marca Senda Citi, lo que marca el compromiso de la empresa con la movilidad sostenible y la atenci\u00f3n de las crecientes necesidades de transporte de personal en el pa\u00eds derivado del fen\u00f3meno nearshoring.<\/p>\n\n\n\n<p>Cabe se\u00f1alar que en los \u00faltimos cinco a\u00f1os Grupo Senda ha adquirido un total de 800 unidades Dina, destacando as\u00ed la confianza y el respaldo mutuo que existe entre ambas organizaciones.<\/p>\n\n\n\n<p>&#8220;La adquisici\u00f3n de estas 100 unidades es una muestra clara de la estabilidad y el crecimiento de la compa\u00f1\u00eda\u201d, se\u00f1al\u00f3, Ricardo Clausse Torres, director general de Grupo Senda.<\/p>\n\n\n\n<figure class=\"wp-block-image size-large\"><img loading=\"lazy\" decoding=\"async\" width=\"1024\" height=\"682\" src=\"https:\/\/diariodigitalmx.com\/wp-content\/uploads\/2024\/07\/IMG-20240708-WA0028-1024x682.jpg\" alt=\"\" class=\"wp-image-121554\" srcset=\"https:\/\/diariodigitalmx.com\/wp-content\/uploads\/2024\/07\/IMG-20240708-WA0028-1024x682.jpg 1024w, https:\/\/diariodigitalmx.com\/wp-content\/uploads\/2024\/07\/IMG-20240708-WA0028-300x200.jpg 300w, https:\/\/diariodigitalmx.com\/wp-content\/uploads\/2024\/07\/IMG-20240708-WA0028-768x512.jpg 768w, https:\/\/diariodigitalmx.com\/wp-content\/uploads\/2024\/07\/IMG-20240708-WA0028.jpg 1280w\" sizes=\"(max-width: 1024px) 100vw, 1024px\" \/><\/figure>\n\n\n\n<p>Agreg\u00f3, que la empresa est\u00e1 comprometida con brindar el mejor servicio a sus clientes y con estar preparados para atender las necesidades del mercado, especialmente en un contexto de gran dinamismo econ\u00f3mico como el que vive Nuevo Le\u00f3n.<\/p>\n\n\n\n<p>Senda Citi, comprende la evoluci\u00f3n del mercado en el estado y el efecto del nearshoring, fen\u00f3meno que esta\u0301 generando un aumento en la demanda de servicios de transporte. La empresa se encuentra preparada para atender las necesidades de las nuevas empresas que est\u00e1n por llegar a Nuevo Le\u00f3n, con un enfoque en la sustentabilidad.<\/p>\n\n\n\n<p>\u201cLa incorporaci\u00f3n de estas nuevas unidades de baja emisi\u00f3n a la flota de Senda Citi refleja el compromiso con la sustentabilidad y el cuidado del medio ambiente, adem\u00e1s, responde a la creciente demanda de servicios de transporte de personal en Nuevo Le\u00f3n, impulsada por el dinamismo econ\u00f3mico del estado y la llegada de nuevas empresas a la regi\u00f3n, derivado del fen\u00f3meno nearshoring\u201d.<\/p>\n\n\n\n<figure class=\"wp-block-image size-large\"><img loading=\"lazy\" decoding=\"async\" width=\"1024\" height=\"768\" src=\"https:\/\/diariodigitalmx.com\/wp-content\/uploads\/2024\/07\/IMG-20240708-WA0026-1024x768.jpg\" alt=\"\" class=\"wp-image-121556\" srcset=\"https:\/\/diariodigitalmx.com\/wp-content\/uploads\/2024\/07\/IMG-20240708-WA0026-1024x768.jpg 1024w, https:\/\/diariodigitalmx.com\/wp-content\/uploads\/2024\/07\/IMG-20240708-WA0026-300x225.jpg 300w, https:\/\/diariodigitalmx.com\/wp-content\/uploads\/2024\/07\/IMG-20240708-WA0026-768x576.jpg 768w, https:\/\/diariodigitalmx.com\/wp-content\/uploads\/2024\/07\/IMG-20240708-WA0026-1536x1152.jpg 1536w, https:\/\/diariodigitalmx.com\/wp-content\/uploads\/2024\/07\/IMG-20240708-WA0026.jpg 1600w\" sizes=\"(max-width: 1024px) 100vw, 1024px\" \/><\/figure>\n\n\n\n<p>En el evento, que se realiz\u00f3\u0301 en las instalaciones de Grupo Senda, se cont\u00f3\u0301 con la presencia de directivos de ambas empresas: Ricardo Clausse Torres, director general de Grupo Senda; Jorge Eudoro Ramos Medina, director de negocio Senda Citi; Gerardo Aurelio Guerra Gonz\u00e1lez, director de finanzas y planeaci\u00f3n estrat\u00e9gica y parte del equipo directivo de la compa\u00f1\u00eda regiomontana, as\u00ed\u0301 como tambi\u00e9n, Ararggo G\u00f3mez Sierra, presidente y director general Dina Camiones; Ra\u00fal Mart\u00ednez, director comercial Dina Camiones y Roberto Coronado, gerente Regional Dina Camiones.<\/p>\n\n\n\n<p>Durante la ceremonia, se llev\u00f3\u0301 a cabo el tradicional corte de list\u00f3n y banderazo de salida, simbolizando la incorporaci\u00f3n de estas 100 unidades a la flota de Senda Citi, que se tiene previsto poner en circulaci\u00f3n durante lo que resta del 2024.<\/p>\n\n\n\n<p>\u201cCon la incorporaci\u00f3n de estas nuevas unidades, Senda Citi se reafirma como una de las empresas lideres en el sector del transporte de personal en Nuevo Le\u00f3n, contribuyendo a la movilidad eficiente y sostenible de la regi\u00f3n. La empresa afianza su compromiso con el desarrollo econ\u00f3mico del estado y con el bienestar de sus clientes y colaboradores\u201d.<\/p>\n\n\n\n<p><\/p>\n","protected":false},"excerpt":{"rendered":"<p>Monterrey, Nuevo Le\u00f3n.- Grupo Senda y Dina celebraron la adquisici\u00f3n de 100 unidades nuevas de baja emisi\u00f3n para su marca Senda Citi, lo que marca el compromiso de la empresa con la movilidad sostenible y la atenci\u00f3n de las crecientes necesidades de transporte de personal en el pa\u00eds derivado del fen\u00f3meno nearshoring. Cabe se\u00f1alar que [&hellip;]<\/p>\n","protected":false},"author":1,"featured_media":121552,"comment_status":"open","ping_status":"open","sticky":true,"template":"","format":"standard","meta":{"footnotes":""},"categories":[10,5],"tags":[],"_links":{"self":[{"href":"https:\/\/diariodigitalmx.com\/index.php\/wp-json\/wp\/v2\/posts\/121550"}],"collection":[{"href":"https:\/\/diariodigitalmx.com\/index.php\/wp-json\/wp\/v2\/posts"}],"about":[{"href":"https:\/\/diariodigitalmx.com\/index.php\/wp-json\/wp\/v2\/types\/post"}],"author":[{"embeddable":true,"href":"https:\/\/diariodigitalmx.com\/index.php\/wp-json\/wp\/v2\/users\/1"}],"replies":[{"embeddable":true,"href":"https:\/\/diariodigitalmx.com\/index.php\/wp-json\/wp\/v2\/comments?post=121550"}],"version-history":[{"count":3,"href":"https:\/\/diariodigitalmx.com\/index.php\/wp-json\/wp\/v2\/posts\/121550\/revisions"}],"predecessor-version":[{"id":121557,"href":"https:\/\/diariodigitalmx.com\/index.php\/wp-json\/wp\/v2\/posts\/121550\/revisions\/121557"}],"wp:featuredmedia":[{"embeddable":true,"href":"https:\/\/diariodigitalmx.com\/index.php\/wp-json\/wp\/v2\/media\/121552"}],"wp:attachment":[{"href":"https:\/\/diariodigitalmx.com\/index.php\/wp-json\/wp\/v2\/media?parent=121550"}],"wp:term":[{"taxonomy":"category","embeddable":true,"href":"https:\/\/diariodigitalmx.com\/index.php\/wp-json\/wp\/v2\/categories?post=121550"},{"taxonomy":"post_tag","embeddable":true,"href":"https:\/\/diariodigitalmx.com\/index.php\/wp-json\/wp\/v2\/tags?post=121550"}],"curies":[{"name":"wp","href":"https:\/\/api.w.org\/{rel}","templated":true}]}}