{"id":121587,"date":"2024-07-09T06:38:54","date_gmt":"2024-07-09T11:38:54","guid":{"rendered":"https:\/\/diariodigitalmx.com\/?p=121587"},"modified":"2024-07-09T06:42:40","modified_gmt":"2024-07-09T11:42:40","slug":"supervisan-construccion-de-viviendas-de-emergencia","status":"publish","type":"post","link":"https:\/\/diariodigitalmx.com\/index.php\/2024\/07\/09\/supervisan-construccion-de-viviendas-de-emergencia\/","title":{"rendered":"Supervisan construcci\u00f3n de viviendas de emergencia"},"content":{"rendered":"\n<p><strong>Escobedo, NL<\/strong>.- La Secretar\u00eda de Igualdad e Inclusi\u00f3n supervis\u00f3 la construcci\u00f3n de las primeras 10 viviendas de emergencia que se habilitar\u00e1n en este municipio para reubicar a familias vulnerables o que hayan perdido su propiedad.&nbsp;&nbsp;<\/p>\n\n\n\n<p>En el fraccionamiento Hacienda San Miguel, donde trabajaron m\u00e1s de un centenar de voluntarios de distintas dependencias estatales y de la organizaci\u00f3n civil Techo, promotora de esta iniciativa, la secretaria Martha Herrera realiz\u00f3 un recorrido por el predio, particip\u00f3 en la colocaci\u00f3n de pilotes y supervis\u00f3 la instalaci\u00f3n de vigas, paredes, paneles y techos.<\/p>\n\n\n\n<figure class=\"wp-block-image size-large\"><img loading=\"lazy\" decoding=\"async\" width=\"1024\" height=\"683\" src=\"https:\/\/diariodigitalmx.com\/wp-content\/uploads\/2024\/07\/image00009-1024x683.jpeg\" alt=\"\" class=\"wp-image-121591\" srcset=\"https:\/\/diariodigitalmx.com\/wp-content\/uploads\/2024\/07\/image00009-1024x683.jpeg 1024w, https:\/\/diariodigitalmx.com\/wp-content\/uploads\/2024\/07\/image00009-300x200.jpeg 300w, https:\/\/diariodigitalmx.com\/wp-content\/uploads\/2024\/07\/image00009-768x512.jpeg 768w, https:\/\/diariodigitalmx.com\/wp-content\/uploads\/2024\/07\/image00009-1536x1024.jpeg 1536w, https:\/\/diariodigitalmx.com\/wp-content\/uploads\/2024\/07\/image00009-2048x1365.jpeg 2048w\" sizes=\"(max-width: 1024px) 100vw, 1024px\" \/><\/figure>\n\n\n\n<p>Acompa\u00f1ada por el director del Instituto de la Vivienda y Fomerrey, Eugenio Montiel Amoroso, Herrera asegur\u00f3 que el trabajo en equipo siempre redit\u00faa en favor de quienes m\u00e1s lo necesitan en, este caso, de familias que de un d\u00eda para otro perdieron su propiedad y hoy necesitan de un espacio digno en lo que se resuelve su situaci\u00f3n.&nbsp;<\/p>\n\n\n\n<p>Agradeci\u00f3 a la organizaci\u00f3n Techo, representada por Alejandro Cepeda, por su contribuci\u00f3n en esta iniciativa que tiene presencia en siete estados del pa\u00eds y en 18 pa\u00edses de Am\u00e9rica Latina y el Caribe.&nbsp;<\/p>\n\n\n\n<p>Herrera convoc\u00f3 a las empresas y organizaciones de la sociedad civil a seguir siendo solidarios para atender a la poblaci\u00f3n m\u00e1s vulnerable que result\u00f3 afectada tras el paso de <em>Alberto<\/em> por Nuevo Le\u00f3n.<\/p>\n\n\n\n<figure class=\"wp-block-image size-large\"><img loading=\"lazy\" decoding=\"async\" width=\"1024\" height=\"683\" src=\"https:\/\/diariodigitalmx.com\/wp-content\/uploads\/2024\/07\/image00003-1-1024x683.jpeg\" alt=\"\" class=\"wp-image-121592\" srcset=\"https:\/\/diariodigitalmx.com\/wp-content\/uploads\/2024\/07\/image00003-1-1024x683.jpeg 1024w, https:\/\/diariodigitalmx.com\/wp-content\/uploads\/2024\/07\/image00003-1-300x200.jpeg 300w, https:\/\/diariodigitalmx.com\/wp-content\/uploads\/2024\/07\/image00003-1-768x512.jpeg 768w, https:\/\/diariodigitalmx.com\/wp-content\/uploads\/2024\/07\/image00003-1-1536x1024.jpeg 1536w, https:\/\/diariodigitalmx.com\/wp-content\/uploads\/2024\/07\/image00003-1-2048x1365.jpeg 2048w\" sizes=\"(max-width: 1024px) 100vw, 1024px\" \/><\/figure>\n\n\n\n<p>Montiel Amoroso inform\u00f3 que el fraccionamiento donde se encuentra asentado este predio cuenta ya con los servicios de agua, drenaje, luz, pavimento de avenidas y cordones.&nbsp;<\/p>\n\n\n\n<p>El representante de Techo destac\u00f3 que la construcci\u00f3n de estas viviendas&nbsp; constituye una respuesta r\u00e1pida y efectiva a las necesidades de las familias m\u00e1s vulnerables por conseguir un espacio que atienda su urgencia de alojamiento ante situaciones que comprometen su integridad.&nbsp;<\/p>\n\n\n\n<p>Tras el paso de la tormenta Alberto por el estado, la Secretar\u00eda de Igualdad e Inclusi\u00f3n contin\u00faa censando las viviendas da\u00f1adas con distintas afectaciones que van desde la p\u00e9rdida de enseres dom\u00e9sticos, hasta las de tipo estructural de los inmuebles, en algunos casos.<\/p>\n\n\n\n<p>Las viviendas progresivas de emergencia son prefabricadas a base de marcos r\u00edgidos de madera de pino y recubiertos con paneles de fibrocemento y cuentan con piso de duela. En la actualidad, Techo ha apoyado en los estados y pa\u00edses donde tiene presencia, m\u00e1s de 131 mil familias con la participaci\u00f3n de 1.2 millones de voluntarios.<\/p>\n\n\n\n<p><a><\/a>En este recorrido participaron tambi\u00e9n Josu\u00e9 Jasan Vargas Olmos, Coordinador general de La Nueva Ruta, en representaci\u00f3n de la Subsecretar\u00eda de Protecci\u00f3n Social y Oportunidades de la Secretar\u00eda de Igualdad e Inclusi\u00f3n, as\u00ed como autoridades de Limpiale\u00f3n.<\/p>\n","protected":false},"excerpt":{"rendered":"<p>Escobedo, NL.- La Secretar\u00eda de Igualdad e Inclusi\u00f3n supervis\u00f3 la construcci\u00f3n de las primeras 10 viviendas de emergencia que se habilitar\u00e1n en este municipio para reubicar a familias vulnerables o que hayan perdido su propiedad.&nbsp;&nbsp; En el fraccionamiento Hacienda San Miguel, donde trabajaron m\u00e1s de un centenar de voluntarios de distintas dependencias estatales y de [&hellip;]<\/p>\n","protected":false},"author":1,"featured_media":121589,"comment_status":"open","ping_status":"open","sticky":true,"template":"","format":"standard","meta":{"footnotes":""},"categories":[14,6],"tags":[],"_links":{"self":[{"href":"https:\/\/diariodigitalmx.com\/index.php\/wp-json\/wp\/v2\/posts\/121587"}],"collection":[{"href":"https:\/\/diariodigitalmx.com\/index.php\/wp-json\/wp\/v2\/posts"}],"about":[{"href":"https:\/\/diariodigitalmx.com\/index.php\/wp-json\/wp\/v2\/types\/post"}],"author":[{"embeddable":true,"href":"https:\/\/diariodigitalmx.com\/index.php\/wp-json\/wp\/v2\/users\/1"}],"replies":[{"embeddable":true,"href":"https:\/\/diariodigitalmx.com\/index.php\/wp-json\/wp\/v2\/comments?post=121587"}],"version-history":[{"count":2,"href":"https:\/\/diariodigitalmx.com\/index.php\/wp-json\/wp\/v2\/posts\/121587\/revisions"}],"predecessor-version":[{"id":121594,"href":"https:\/\/diariodigitalmx.com\/index.php\/wp-json\/wp\/v2\/posts\/121587\/revisions\/121594"}],"wp:featuredmedia":[{"embeddable":true,"href":"https:\/\/diariodigitalmx.com\/index.php\/wp-json\/wp\/v2\/media\/121589"}],"wp:attachment":[{"href":"https:\/\/diariodigitalmx.com\/index.php\/wp-json\/wp\/v2\/media?parent=121587"}],"wp:term":[{"taxonomy":"category","embeddable":true,"href":"https:\/\/diariodigitalmx.com\/index.php\/wp-json\/wp\/v2\/categories?post=121587"},{"taxonomy":"post_tag","embeddable":true,"href":"https:\/\/diariodigitalmx.com\/index.php\/wp-json\/wp\/v2\/tags?post=121587"}],"curies":[{"name":"wp","href":"https:\/\/api.w.org\/{rel}","templated":true}]}}