{"id":1216,"date":"2019-03-19T10:40:06","date_gmt":"2019-03-19T16:40:06","guid":{"rendered":"http:\/\/diariodigitalmx.com\/?p=1216"},"modified":"2019-03-19T10:40:07","modified_gmt":"2019-03-19T16:40:07","slug":"por-cierto-12","status":"publish","type":"post","link":"https:\/\/diariodigitalmx.com\/index.php\/2019\/03\/19\/por-cierto-12\/","title":{"rendered":"Por cierto\u2026"},"content":{"rendered":"\n<p>Regres\u00f3 la visi\u00f3n nacionalista de C\u00e1rdenas al discurso oficial en la celebraci\u00f3n del d\u00eda de la expropiaci\u00f3n petrolera. <\/p>\n\n\n\n<p>Bueno, regres\u00f3 la celebraci\u00f3n y con ella el discurso nacionalista. <\/p>\n\n\n\n<p>Hab\u00eda quedado en el ba\u00fal esta conmemoraci\u00f3n hist\u00f3rica. <\/p>\n\n\n\n<p>Que dicho sea de paso, de seguir el discurso oficial un tanto divorciado de la imagen corporativa, pronto habr\u00e1 cambio en el emblema donde se observan los 5 personajes hist\u00f3ricos.<\/p>\n\n\n\n<p>Es que el analista pol\u00edtico @LuisEstrada_ nos comparti\u00f3 v\u00eda Twitter sus mediciones publicadas en WRadio, en el programa de L\u00f3pez D\u00f3riga; respecto a las veces que el presidente ha utilizado los nombres o expresiones que refieran a esos personajes en sus primeros 100 d\u00edas. <\/p>\n\n\n\n<p>Resulta: Hidalgo lo ha mencionado 1 vez, a Morelos 2, C\u00e1rdenas 4, Madero 12 y Ju\u00e1rez 29. <\/p>\n\n\n\n<p>Para quienes trabajamos estudios hist\u00f3ricos relativos al uso pol\u00edtico de la historia, ya sabemos por d\u00f3nde se peina el presidente, hist\u00f3ricamente hablando\u2026 Narro, el ex de la UNAM tiene ahora rival en la b\u00fasqueda del PRI, se suma el gober de Campeche. <\/p>\n\n\n\n<p>\u00bfSer\u00e1 amor a la camiseta o el hueso sigue siendo tan bueno? Es que uno abandona el prestigio acad\u00e9mico y el otro su carrera como gober en la entidad.<\/p>\n\n\n\n<p>www.estudiospoliticos.mx<\/p>\n\n\n\n<p>@EstudiosMx<\/p>\n\n\n\n<p>www.facebook.com\/EstudiosPoliticos.mx<\/p>\n","protected":false},"excerpt":{"rendered":"<p>Regres\u00f3 la visi\u00f3n nacionalista de C\u00e1rdenas al discurso oficial en la celebraci\u00f3n del d\u00eda de la expropiaci\u00f3n petrolera. Bueno, regres\u00f3 la celebraci\u00f3n y con ella el discurso nacionalista. Hab\u00eda quedado en el ba\u00fal esta conmemoraci\u00f3n hist\u00f3rica. Que dicho sea de paso, de seguir el discurso oficial un tanto divorciado de la imagen corporativa, pronto habr\u00e1 [&hellip;]<\/p>\n","protected":false},"author":1,"featured_media":1044,"comment_status":"open","ping_status":"open","sticky":true,"template":"","format":"standard","meta":{"footnotes":""},"categories":[12],"tags":[],"_links":{"self":[{"href":"https:\/\/diariodigitalmx.com\/index.php\/wp-json\/wp\/v2\/posts\/1216"}],"collection":[{"href":"https:\/\/diariodigitalmx.com\/index.php\/wp-json\/wp\/v2\/posts"}],"about":[{"href":"https:\/\/diariodigitalmx.com\/index.php\/wp-json\/wp\/v2\/types\/post"}],"author":[{"embeddable":true,"href":"https:\/\/diariodigitalmx.com\/index.php\/wp-json\/wp\/v2\/users\/1"}],"replies":[{"embeddable":true,"href":"https:\/\/diariodigitalmx.com\/index.php\/wp-json\/wp\/v2\/comments?post=1216"}],"version-history":[{"count":1,"href":"https:\/\/diariodigitalmx.com\/index.php\/wp-json\/wp\/v2\/posts\/1216\/revisions"}],"predecessor-version":[{"id":1217,"href":"https:\/\/diariodigitalmx.com\/index.php\/wp-json\/wp\/v2\/posts\/1216\/revisions\/1217"}],"wp:featuredmedia":[{"embeddable":true,"href":"https:\/\/diariodigitalmx.com\/index.php\/wp-json\/wp\/v2\/media\/1044"}],"wp:attachment":[{"href":"https:\/\/diariodigitalmx.com\/index.php\/wp-json\/wp\/v2\/media?parent=1216"}],"wp:term":[{"taxonomy":"category","embeddable":true,"href":"https:\/\/diariodigitalmx.com\/index.php\/wp-json\/wp\/v2\/categories?post=1216"},{"taxonomy":"post_tag","embeddable":true,"href":"https:\/\/diariodigitalmx.com\/index.php\/wp-json\/wp\/v2\/tags?post=1216"}],"curies":[{"name":"wp","href":"https:\/\/api.w.org\/{rel}","templated":true}]}}