{"id":121609,"date":"2024-07-09T19:21:59","date_gmt":"2024-07-10T00:21:59","guid":{"rendered":"https:\/\/diariodigitalmx.com\/?p=121609"},"modified":"2024-07-09T19:40:20","modified_gmt":"2024-07-10T00:40:20","slug":"se-adecuara-el-pri-al-momento-historico-que-vivimos-diputado-jose-luis-garza-ochoa","status":"publish","type":"post","link":"https:\/\/diariodigitalmx.com\/index.php\/2024\/07\/09\/se-adecuara-el-pri-al-momento-historico-que-vivimos-diputado-jose-luis-garza-ochoa\/","title":{"rendered":"Se adecuar\u00e1 el PRI al momento hist\u00f3rico que vivimos: diputado Jos\u00e9 Luis Garza Ochoa"},"content":{"rendered":"\n<p>El presidente del PRI en Nuevo Le\u00f3n, Jos\u00e9 Luis Garza Ochoa, se\u00f1al\u00f3 que, durante la 24 Asamblea Nacional de este instituto pol\u00edtico, se acordaron cambios trascendentales para adecuar al partido al momento hist\u00f3rico que estamos viviendo.<\/p>\n\n\n\n<p>Explic\u00f3 que los cambios no solo son en los estatutos del partido sino tambi\u00e9n en los documentos b\u00e1sicos, declaraci\u00f3n de principios, programa de acci\u00f3n y c\u00f3digo de \u00e9tica.<\/p>\n\n\n\n<figure class=\"wp-block-image size-large\"><img loading=\"lazy\" decoding=\"async\" width=\"1024\" height=\"602\" src=\"https:\/\/diariodigitalmx.com\/wp-content\/uploads\/2024\/07\/Asamblea-Nac.-2.jfif_-1024x602.jpg\" alt=\"\" class=\"wp-image-121613\" srcset=\"https:\/\/diariodigitalmx.com\/wp-content\/uploads\/2024\/07\/Asamblea-Nac.-2.jfif_-1024x602.jpg 1024w, https:\/\/diariodigitalmx.com\/wp-content\/uploads\/2024\/07\/Asamblea-Nac.-2.jfif_-300x176.jpg 300w, https:\/\/diariodigitalmx.com\/wp-content\/uploads\/2024\/07\/Asamblea-Nac.-2.jfif_-768x452.jpg 768w, https:\/\/diariodigitalmx.com\/wp-content\/uploads\/2024\/07\/Asamblea-Nac.-2.jfif_.jpg 1280w\" sizes=\"(max-width: 1024px) 100vw, 1024px\" \/><\/figure>\n\n\n\n<p>El partido se est\u00e1 adecuando al momento que vivimos, precis\u00f3 que una modificaci\u00f3n importante que se acord\u00f3 en la asamblea es que el 60% de las candidaturas que va a postular el PRI ser\u00e1n para mujeres, que son las que m\u00e1s votan por el partido, adem\u00e1s de que se impulsar\u00e1 m\u00e1s la participaci\u00f3n de los j\u00f3venes.<\/p>\n\n\n\n<p>\u201cNos adecuamos a las condiciones y al momento hist\u00f3rico que estamos viviendo porque hoy tenemos que estarle garantizando a la gente un mejor sistema de salud, mejor educaci\u00f3n, mejor medio ambiente, ciudades m\u00e1s limpias, tenemos que meternos a ver la inteligencia artificial\u201d, agreg\u00f3.<\/p>\n\n\n\n<figure class=\"wp-block-image size-large\"><img loading=\"lazy\" decoding=\"async\" width=\"1024\" height=\"659\" src=\"https:\/\/diariodigitalmx.com\/wp-content\/uploads\/2024\/07\/Asamblea-Nac.-4.jfif_-1024x659.jpg\" alt=\"\" class=\"wp-image-121615\" srcset=\"https:\/\/diariodigitalmx.com\/wp-content\/uploads\/2024\/07\/Asamblea-Nac.-4.jfif_-1024x659.jpg 1024w, https:\/\/diariodigitalmx.com\/wp-content\/uploads\/2024\/07\/Asamblea-Nac.-4.jfif_-300x193.jpg 300w, https:\/\/diariodigitalmx.com\/wp-content\/uploads\/2024\/07\/Asamblea-Nac.-4.jfif_-768x494.jpg 768w, https:\/\/diariodigitalmx.com\/wp-content\/uploads\/2024\/07\/Asamblea-Nac.-4.jfif_.jpg 1280w\" sizes=\"(max-width: 1024px) 100vw, 1024px\" \/><\/figure>\n\n\n\n<p>Jos\u00e9 Luis Garza Ochoa dijo que algo que qued\u00f3 claro en la Asamblea del domingo en la Ciudad de M\u00e9xico es que la militancia est\u00e1 lista para trabajar para devolverle al PRI su grandeza \u201cen el caso espec\u00edfico de Nuevo Le\u00f3n, no vamos a renunciar ni nos van a doblar, en Nuevo Le\u00f3n estamos con Alejandro Moreno y Carolina Viggiano y estamos listos para seguir construyendo\u201d, a\u00f1adi\u00f3.<\/p>\n\n\n\n<p>El dirigente priista asegur\u00f3 que muchas de las voces que han tratado de desprestigiar al partido, ni siquiera son del PRI, no lo digo yo, lo dice el Instituto Electoral, porque ni siquiera est\u00e1n registrados en el PRI, es gente que en los \u00faltimos a\u00f1os no se ha acercado a dar su opini\u00f3n de nada, ni han caminado apoyando a los candidatos en campa\u00f1a.<\/p>\n\n\n\n<figure class=\"wp-block-image size-large\"><img loading=\"lazy\" decoding=\"async\" width=\"976\" height=\"1024\" src=\"https:\/\/diariodigitalmx.com\/wp-content\/uploads\/2024\/07\/Asamblea-Nac.-3.jfif_-976x1024.jpg\" alt=\"\" class=\"wp-image-121617\" srcset=\"https:\/\/diariodigitalmx.com\/wp-content\/uploads\/2024\/07\/Asamblea-Nac.-3.jfif_-976x1024.jpg 976w, https:\/\/diariodigitalmx.com\/wp-content\/uploads\/2024\/07\/Asamblea-Nac.-3.jfif_-286x300.jpg 286w, https:\/\/diariodigitalmx.com\/wp-content\/uploads\/2024\/07\/Asamblea-Nac.-3.jfif_-768x806.jpg 768w, https:\/\/diariodigitalmx.com\/wp-content\/uploads\/2024\/07\/Asamblea-Nac.-3.jfif_.jpg 1200w\" sizes=\"(max-width: 976px) 100vw, 976px\" \/><\/figure>\n\n\n\n<p>Sin embargo, aclaro que \u201cahora emprenden una campa\u00f1a de desprestigio contra los priistas actuales que hemos venido arrastrando el lastre que ellos dejaron en el partido a cambio de la inmunidad del gobierno de Morena\u201d.<\/p>\n\n\n\n<p>Coment\u00f3 que en la asamblea de este domingo acudieron, la Secretaria General del Comit\u00e9 Directivo Estatal, Mayra Hern\u00e1ndez Colunga; el Dirigente de la CTM, Ismael Flores; el Dirigente de la CNOP, Carlos Barona; el Dirigente de la CNC, Esa\u00fa Gonz\u00e1lez; la Dirigente del ONMPRI, Marla Trevi\u00f1o; el Presidente del IRH en Nuevo Le\u00f3n, Diego Garay Correa y el Secretario de Enlace Legislativo del CEN, Francisco Cienfuegos.<\/p>\n\n\n\n<p>Tambi\u00e9n asistieron los alcaldes de Ju\u00e1rez, Francisco Trevi\u00f1o; de Santiago, David de la Pe\u00f1a; de Dr. Gonz\u00e1lez, Mayra Abrego; de Montemorelos, Miguel Salazar; alcaldes electos como el de Apodaca, C\u00e9sar Garza Arredondo; de Dr. Gonz\u00e1lez, Alejandro Gonz\u00e1lez Trevi\u00f1o; de Hualahuises, Jes\u00fas Homero Aguilar; de An\u00e1huac, Juan Morton, Diputados Locales, como Heriberto Trevi\u00f1o Cant\u00fa, Lorena de la Garza, Filiberto Flores; Anita Gonz\u00e1lez; as\u00ed como la Diputada Local Electa, Armida Serrato y los Diputados Federales como Andr\u00e9s Cant\u00fa, Karina Barr\u00f3n, Mar\u00eda de Jes\u00fas Aguirre y Marcela Guerra.<\/p>\n","protected":false},"excerpt":{"rendered":"<p>El presidente del PRI en Nuevo Le\u00f3n, Jos\u00e9 Luis Garza Ochoa, se\u00f1al\u00f3 que, durante la 24 Asamblea Nacional de este instituto pol\u00edtico, se acordaron cambios trascendentales para adecuar al partido al momento hist\u00f3rico que estamos viviendo. Explic\u00f3 que los cambios no solo son en los estatutos del partido sino tambi\u00e9n en los documentos b\u00e1sicos, declaraci\u00f3n [&hellip;]<\/p>\n","protected":false},"author":1,"featured_media":121612,"comment_status":"open","ping_status":"open","sticky":true,"template":"","format":"standard","meta":{"footnotes":""},"categories":[14,6],"tags":[],"_links":{"self":[{"href":"https:\/\/diariodigitalmx.com\/index.php\/wp-json\/wp\/v2\/posts\/121609"}],"collection":[{"href":"https:\/\/diariodigitalmx.com\/index.php\/wp-json\/wp\/v2\/posts"}],"about":[{"href":"https:\/\/diariodigitalmx.com\/index.php\/wp-json\/wp\/v2\/types\/post"}],"author":[{"embeddable":true,"href":"https:\/\/diariodigitalmx.com\/index.php\/wp-json\/wp\/v2\/users\/1"}],"replies":[{"embeddable":true,"href":"https:\/\/diariodigitalmx.com\/index.php\/wp-json\/wp\/v2\/comments?post=121609"}],"version-history":[{"count":4,"href":"https:\/\/diariodigitalmx.com\/index.php\/wp-json\/wp\/v2\/posts\/121609\/revisions"}],"predecessor-version":[{"id":121618,"href":"https:\/\/diariodigitalmx.com\/index.php\/wp-json\/wp\/v2\/posts\/121609\/revisions\/121618"}],"wp:featuredmedia":[{"embeddable":true,"href":"https:\/\/diariodigitalmx.com\/index.php\/wp-json\/wp\/v2\/media\/121612"}],"wp:attachment":[{"href":"https:\/\/diariodigitalmx.com\/index.php\/wp-json\/wp\/v2\/media?parent=121609"}],"wp:term":[{"taxonomy":"category","embeddable":true,"href":"https:\/\/diariodigitalmx.com\/index.php\/wp-json\/wp\/v2\/categories?post=121609"},{"taxonomy":"post_tag","embeddable":true,"href":"https:\/\/diariodigitalmx.com\/index.php\/wp-json\/wp\/v2\/tags?post=121609"}],"curies":[{"name":"wp","href":"https:\/\/api.w.org\/{rel}","templated":true}]}}