{"id":121619,"date":"2024-07-09T22:54:17","date_gmt":"2024-07-10T03:54:17","guid":{"rendered":"https:\/\/diariodigitalmx.com\/?p=121619"},"modified":"2024-07-09T22:55:20","modified_gmt":"2024-07-10T03:55:20","slug":"detienen-a-mujer-y-resguardan-a-migrantes","status":"publish","type":"post","link":"https:\/\/diariodigitalmx.com\/index.php\/2024\/07\/09\/detienen-a-mujer-y-resguardan-a-migrantes\/","title":{"rendered":"Detienen a mujer y resguardan a migrantes"},"content":{"rendered":"\n<figure class=\"wp-block-image size-large\"><img loading=\"lazy\" decoding=\"async\" width=\"1024\" height=\"1007\" src=\"https:\/\/diariodigitalmx.com\/wp-content\/uploads\/2024\/07\/IMG-20240709-WA0106-1024x1007.jpg\" alt=\"\" class=\"wp-image-121622\" srcset=\"https:\/\/diariodigitalmx.com\/wp-content\/uploads\/2024\/07\/IMG-20240709-WA0106-1024x1007.jpg 1024w, https:\/\/diariodigitalmx.com\/wp-content\/uploads\/2024\/07\/IMG-20240709-WA0106-300x295.jpg 300w, https:\/\/diariodigitalmx.com\/wp-content\/uploads\/2024\/07\/IMG-20240709-WA0106-768x755.jpg 768w, https:\/\/diariodigitalmx.com\/wp-content\/uploads\/2024\/07\/IMG-20240709-WA0106.jpg 1200w\" sizes=\"(max-width: 1024px) 100vw, 1024px\" \/><\/figure>\n\n\n\n<p>Una joven fue detenida por polic\u00edas de Fuerza Civil, luego de ser sorprendida trasladando en condiciones inadecuadas a personas migrantes.<\/p>\n\n\n\n<p>El arresto ocurri\u00f3 en el Kil\u00f3metro 70 de la Carretera Libre Monterrey &#8211; Reynosa, en el municipio de Los Ramones. En esa zona, los oficiales realizaban trabajos de prevenci\u00f3n delictiva cuando detectaron una camioneta GMC en circulaci\u00f3n, la cual era conducida de forma at\u00edpica.<\/p>\n\n\n\n<p>Al solicitarle el alto, los efectivos abordaron a la conductora, identificada como Wendy \u201cN\u201d, de 28 a\u00f1os de edad. Desde el exterior del veh\u00edculo, observaron que otras 10 personas viajaban con la sospechosa; eran cuatro mujeres &#8211; entre ellas, dos menores de edad- y seis hombres, quienes proven\u00edan de Honduras y El Salvador.<\/p>\n\n\n\n<p>Los pasajeros recibieron alimentos para poder saciar la sed y el hambre durante su trayecto. Posteriormente fueron puestos a disposici\u00f3n del Instituto Nacional de Migraci\u00f3n.<\/p>\n\n\n\n<p>La femenina fue puesta a disposici\u00f3n del Ministerio P\u00fablico Federal, en donde se definir\u00e1 su situaci\u00f3n jur\u00eddica.<\/p>\n","protected":false},"excerpt":{"rendered":"<p>Una joven fue detenida por polic\u00edas de Fuerza Civil, luego de ser sorprendida trasladando en condiciones inadecuadas a personas migrantes. El arresto ocurri\u00f3 en el Kil\u00f3metro 70 de la Carretera Libre Monterrey &#8211; Reynosa, en el municipio de Los Ramones. En esa zona, los oficiales realizaban trabajos de prevenci\u00f3n delictiva cuando detectaron una camioneta GMC [&hellip;]<\/p>\n","protected":false},"author":1,"featured_media":121621,"comment_status":"open","ping_status":"open","sticky":false,"template":"","format":"standard","meta":{"footnotes":""},"categories":[14,7],"tags":[],"_links":{"self":[{"href":"https:\/\/diariodigitalmx.com\/index.php\/wp-json\/wp\/v2\/posts\/121619"}],"collection":[{"href":"https:\/\/diariodigitalmx.com\/index.php\/wp-json\/wp\/v2\/posts"}],"about":[{"href":"https:\/\/diariodigitalmx.com\/index.php\/wp-json\/wp\/v2\/types\/post"}],"author":[{"embeddable":true,"href":"https:\/\/diariodigitalmx.com\/index.php\/wp-json\/wp\/v2\/users\/1"}],"replies":[{"embeddable":true,"href":"https:\/\/diariodigitalmx.com\/index.php\/wp-json\/wp\/v2\/comments?post=121619"}],"version-history":[{"count":2,"href":"https:\/\/diariodigitalmx.com\/index.php\/wp-json\/wp\/v2\/posts\/121619\/revisions"}],"predecessor-version":[{"id":121623,"href":"https:\/\/diariodigitalmx.com\/index.php\/wp-json\/wp\/v2\/posts\/121619\/revisions\/121623"}],"wp:featuredmedia":[{"embeddable":true,"href":"https:\/\/diariodigitalmx.com\/index.php\/wp-json\/wp\/v2\/media\/121621"}],"wp:attachment":[{"href":"https:\/\/diariodigitalmx.com\/index.php\/wp-json\/wp\/v2\/media?parent=121619"}],"wp:term":[{"taxonomy":"category","embeddable":true,"href":"https:\/\/diariodigitalmx.com\/index.php\/wp-json\/wp\/v2\/categories?post=121619"},{"taxonomy":"post_tag","embeddable":true,"href":"https:\/\/diariodigitalmx.com\/index.php\/wp-json\/wp\/v2\/tags?post=121619"}],"curies":[{"name":"wp","href":"https:\/\/api.w.org\/{rel}","templated":true}]}}