{"id":121639,"date":"2024-07-10T13:31:48","date_gmt":"2024-07-10T18:31:48","guid":{"rendered":"https:\/\/diariodigitalmx.com\/?p=121639"},"modified":"2024-07-10T13:33:51","modified_gmt":"2024-07-10T18:33:51","slug":"arranca-en-monterrey-proceso-de-transicion-del-gobierno-municipal","status":"publish","type":"post","link":"https:\/\/diariodigitalmx.com\/index.php\/2024\/07\/10\/arranca-en-monterrey-proceso-de-transicion-del-gobierno-municipal\/","title":{"rendered":"Arranca en Monterrey proceso de transici\u00f3n del Gobierno Municipal"},"content":{"rendered":"\n<p><br>*Adri\u00e1n de la Garza y Luis Donaldo Colosio acuerdan m\u00e9todo y caracter\u00edsticas de las reuniones que ser\u00e1n abiertas, ordenadas y contar\u00e1n con observadores ciudadanos<\/p>\n\n\n\n<p>Este 10 de julio arranc\u00f3 el proceso de transici\u00f3n entre administraciones de Monterrey con la reuni\u00f3n entre el Presidente municipal electo, Adri\u00e1n de la Garza y el alcalde en funciones, Luis Donaldo Colosio.<\/p>\n\n\n\n<p>En lo que el pr\u00f3ximo mun\u00edcipe defini\u00f3 como un encuentro cordial, ambas partes convinieron iniciar a la brevedad las mesas de trabajo sobre cinco ejes del gobierno municipal.<\/p>\n\n\n\n<figure class=\"wp-block-image size-large\"><img loading=\"lazy\" decoding=\"async\" width=\"1024\" height=\"707\" src=\"https:\/\/diariodigitalmx.com\/wp-content\/uploads\/2024\/07\/IMG_20240710_123100_081-1024x707.webp\" alt=\"\" class=\"wp-image-121642\" srcset=\"https:\/\/diariodigitalmx.com\/wp-content\/uploads\/2024\/07\/IMG_20240710_123100_081-1024x707.webp 1024w, https:\/\/diariodigitalmx.com\/wp-content\/uploads\/2024\/07\/IMG_20240710_123100_081-300x207.webp 300w, https:\/\/diariodigitalmx.com\/wp-content\/uploads\/2024\/07\/IMG_20240710_123100_081-768x530.webp 768w, https:\/\/diariodigitalmx.com\/wp-content\/uploads\/2024\/07\/IMG_20240710_123100_081.webp 1080w\" sizes=\"(max-width: 1024px) 100vw, 1024px\" \/><\/figure>\n\n\n\n<p>De la Garza explic\u00f3 las caracter\u00edsticas de este proceso:<\/p>\n\n\n\n<p>\u2022 Habr\u00e1 7 mesas de trabajo encabezadas por gente con experiencia en cada tema.<br>\u2022 Las reuniones durar\u00e1n 5 semanas.<br>\u2022 Iniciar\u00e1n una vez que el Edil electo nombre a los encargados de cada \u00e1rea.<br>\u2022 Se cumplir\u00e1n todos los aspectos de la Ley de Gobierno Municipal en Nuevo Le\u00f3n.<br>\u2022 La transici\u00f3n ser\u00e1 abierta<br>\u2022 Transparente<br>\u2022 Ordenada<br>\u2022 Contar\u00e1 con observadores ciudadanos procedentes de distintos consejos en la ciudad y en del sector privado.<\/p>\n\n\n\n<p>El alcalde electo coment\u00f3 que la prioridad en la transici\u00f3n ser\u00e1 conocer la situaci\u00f3n actual del gobierno para planear la forma de resolver las necesidades de los regiomontanos, tal como lo ofreci\u00f3 en campa\u00f1a.<\/p>\n\n\n\n<p>\u201cLa instrucci\u00f3n ver el estado que guarda el municipio para que sea la base para partir y hacer el Plan Municipal de Desarrollo, que es obligaci\u00f3n tambi\u00e9n municipal de acuerdo a la Ley, presentar una vez que se toma posesi\u00f3n de la administraci\u00f3n, se tiene que presentar un plan municipal para darle rumbo a la administraci\u00f3n\u201d, detall\u00f3 De la Garza.<\/p>\n\n\n\n<p>Finaliz\u00f3 enumerando sus prioridades al asumir el Gobierno de Monterrey:<\/p>\n\n\n\n<p>\u2022 Seguridad: cubrir todo el territorio basado en la profesionalizaci\u00f3n de polic\u00edas<br>\u2022 Movilidad: darle prioridad al desarrollo urbano, orden al tr\u00e1fico y tr\u00e1nsito, crear infraestructura, e implementar la Regio Ruta, un programa extraordinario de transporte p\u00fablico.<br>\u2022 Desarrollo Social, de apoyo a la gente, gestionar lo necesario para atender a los habitantes de esta capital.<br>\u2022 Intervenci\u00f3n y mejoramiento de parques, plazas, carpeta asf\u00e1ltica y alumbrado p\u00fablico.<\/p>\n","protected":false},"excerpt":{"rendered":"<p>*Adri\u00e1n de la Garza y Luis Donaldo Colosio acuerdan m\u00e9todo y caracter\u00edsticas de las reuniones que ser\u00e1n abiertas, ordenadas y contar\u00e1n con observadores ciudadanos Este 10 de julio arranc\u00f3 el proceso de transici\u00f3n entre administraciones de Monterrey con la reuni\u00f3n entre el Presidente municipal electo, Adri\u00e1n de la Garza y el alcalde en funciones, Luis [&hellip;]<\/p>\n","protected":false},"author":1,"featured_media":121641,"comment_status":"open","ping_status":"open","sticky":true,"template":"","format":"standard","meta":{"footnotes":""},"categories":[6,3],"tags":[],"_links":{"self":[{"href":"https:\/\/diariodigitalmx.com\/index.php\/wp-json\/wp\/v2\/posts\/121639"}],"collection":[{"href":"https:\/\/diariodigitalmx.com\/index.php\/wp-json\/wp\/v2\/posts"}],"about":[{"href":"https:\/\/diariodigitalmx.com\/index.php\/wp-json\/wp\/v2\/types\/post"}],"author":[{"embeddable":true,"href":"https:\/\/diariodigitalmx.com\/index.php\/wp-json\/wp\/v2\/users\/1"}],"replies":[{"embeddable":true,"href":"https:\/\/diariodigitalmx.com\/index.php\/wp-json\/wp\/v2\/comments?post=121639"}],"version-history":[{"count":2,"href":"https:\/\/diariodigitalmx.com\/index.php\/wp-json\/wp\/v2\/posts\/121639\/revisions"}],"predecessor-version":[{"id":121643,"href":"https:\/\/diariodigitalmx.com\/index.php\/wp-json\/wp\/v2\/posts\/121639\/revisions\/121643"}],"wp:featuredmedia":[{"embeddable":true,"href":"https:\/\/diariodigitalmx.com\/index.php\/wp-json\/wp\/v2\/media\/121641"}],"wp:attachment":[{"href":"https:\/\/diariodigitalmx.com\/index.php\/wp-json\/wp\/v2\/media?parent=121639"}],"wp:term":[{"taxonomy":"category","embeddable":true,"href":"https:\/\/diariodigitalmx.com\/index.php\/wp-json\/wp\/v2\/categories?post=121639"},{"taxonomy":"post_tag","embeddable":true,"href":"https:\/\/diariodigitalmx.com\/index.php\/wp-json\/wp\/v2\/tags?post=121639"}],"curies":[{"name":"wp","href":"https:\/\/api.w.org\/{rel}","templated":true}]}}