{"id":121647,"date":"2024-07-10T18:12:32","date_gmt":"2024-07-10T23:12:32","guid":{"rendered":"https:\/\/diariodigitalmx.com\/?p=121647"},"modified":"2024-07-10T18:14:25","modified_gmt":"2024-07-10T23:14:25","slug":"promueve-escobedo-deporte-y-convivencia-inauguracion-cancha-en-parque-lineal","status":"publish","type":"post","link":"https:\/\/diariodigitalmx.com\/index.php\/2024\/07\/10\/promueve-escobedo-deporte-y-convivencia-inauguracion-cancha-en-parque-lineal\/","title":{"rendered":"Promueve Escobedo deporte y convivencia; inauguraci\u00f3n cancha en parque lineal"},"content":{"rendered":"\n<p>El Gobierno de Escobedo contin\u00faa promoviendo el sano esparcimiento de ni\u00f1as, ni\u00f1os y j\u00f3venes con la remodelaci\u00f3n de m\u00e1s espacios deportivos, el Alcalde Andr\u00e9s Mijes inaugur\u00f3 la renovaci\u00f3n de tres canchas de futbol r\u00e1pido del Parque Lineal Las Torres.<\/p>\n\n\n\n<figure class=\"wp-block-image size-large\"><img loading=\"lazy\" decoding=\"async\" width=\"1024\" height=\"681\" src=\"https:\/\/diariodigitalmx.com\/wp-content\/uploads\/2024\/07\/IMG_1767-1024x681.jpg\" alt=\"\" class=\"wp-image-121654\" srcset=\"https:\/\/diariodigitalmx.com\/wp-content\/uploads\/2024\/07\/IMG_1767-1024x681.jpg 1024w, https:\/\/diariodigitalmx.com\/wp-content\/uploads\/2024\/07\/IMG_1767-300x200.jpg 300w, https:\/\/diariodigitalmx.com\/wp-content\/uploads\/2024\/07\/IMG_1767-768x511.jpg 768w, https:\/\/diariodigitalmx.com\/wp-content\/uploads\/2024\/07\/IMG_1767-1536x1022.jpg 1536w, https:\/\/diariodigitalmx.com\/wp-content\/uploads\/2024\/07\/IMG_1767-2048x1363.jpg 2048w\" sizes=\"(max-width: 1024px) 100vw, 1024px\" \/><\/figure>\n\n\n\n<p>Andr\u00e9s Mijes fue el encargado de dar la patada inaugural de la cancha de futbol r\u00e1pido reci\u00e9n remodelada que est\u00e1 ubicada a la altura de la Colonia Riveras de Girasoles.<\/p>\n\n\n\n<p>Mijes precis\u00f3 que acercar este tipo de espacios a la comunidad ayuda a prevenir que los ni\u00f1os y j\u00f3venes caigan en malos pasos y abona a la reconstrucci\u00f3n del tejido social y la buena convivencia.<\/p>\n\n\n\n<figure class=\"wp-block-image size-large\"><img loading=\"lazy\" decoding=\"async\" width=\"1024\" height=\"681\" src=\"https:\/\/diariodigitalmx.com\/wp-content\/uploads\/2024\/07\/IMG_1738-1024x681.jpg\" alt=\"\" class=\"wp-image-121650\" srcset=\"https:\/\/diariodigitalmx.com\/wp-content\/uploads\/2024\/07\/IMG_1738-1024x681.jpg 1024w, https:\/\/diariodigitalmx.com\/wp-content\/uploads\/2024\/07\/IMG_1738-300x200.jpg 300w, https:\/\/diariodigitalmx.com\/wp-content\/uploads\/2024\/07\/IMG_1738-768x511.jpg 768w, https:\/\/diariodigitalmx.com\/wp-content\/uploads\/2024\/07\/IMG_1738-1536x1022.jpg 1536w, https:\/\/diariodigitalmx.com\/wp-content\/uploads\/2024\/07\/IMG_1738-2048x1363.jpg 2048w\" sizes=\"(max-width: 1024px) 100vw, 1024px\" \/><\/figure>\n\n\n\n<p>\u201cEl poder dar mantenimiento a estas canchas del Parque Lineal es maravilloso porque lo que pretendemos es que nuestros ni\u00f1os encaucen sus energ\u00edas de manera positiva, que encuentren en el deporte ese desahogo de todo su potencial y que no se vayan por el camino del mal\u201d, expres\u00f3 el Edil.<\/p>\n\n\n\n<p>Dentro de los trabajos realizados en la zona es la remodelaci\u00f3n de la cancha de futbol 7 ubicada entre la Avenida Las Torres y la Calle Sierra Madre colocando pasto sint\u00e9tico, instalaci\u00f3n de luminarias y mallas de protecci\u00f3n.<\/p>\n\n\n\n<figure class=\"wp-block-image size-large\"><img loading=\"lazy\" decoding=\"async\" width=\"1024\" height=\"681\" src=\"https:\/\/diariodigitalmx.com\/wp-content\/uploads\/2024\/07\/IMG_1768-1024x681.jpg\" alt=\"\" class=\"wp-image-121652\" srcset=\"https:\/\/diariodigitalmx.com\/wp-content\/uploads\/2024\/07\/IMG_1768-1024x681.jpg 1024w, https:\/\/diariodigitalmx.com\/wp-content\/uploads\/2024\/07\/IMG_1768-300x200.jpg 300w, https:\/\/diariodigitalmx.com\/wp-content\/uploads\/2024\/07\/IMG_1768-768x511.jpg 768w, https:\/\/diariodigitalmx.com\/wp-content\/uploads\/2024\/07\/IMG_1768-1536x1022.jpg 1536w, https:\/\/diariodigitalmx.com\/wp-content\/uploads\/2024\/07\/IMG_1768-2048x1362.jpg 2048w\" sizes=\"(max-width: 1024px) 100vw, 1024px\" \/><\/figure>\n\n\n\n<p>Aunado a lo anterior, tambi\u00e9n se dio mantenimiento a otras dos canchas y se coloc\u00f3 malla sombra a las gradas de la cancha de futbol 11, para que quien asista a ver los partidos o entrenamientos lo haga con comodidad.<\/p>\n\n\n\n<p>Con esta obra se est\u00e1n beneficiando directamente m\u00e1s de 4 mil escobedenses, quienes ahora tendr\u00e1n a acceso a un espacio deportivo de calidad equipado a las necesidades de los equipos que ah\u00ed entran.<\/p>\n","protected":false},"excerpt":{"rendered":"<p>El Gobierno de Escobedo contin\u00faa promoviendo el sano esparcimiento de ni\u00f1as, ni\u00f1os y j\u00f3venes con la remodelaci\u00f3n de m\u00e1s espacios deportivos, el Alcalde Andr\u00e9s Mijes inaugur\u00f3 la renovaci\u00f3n de tres canchas de futbol r\u00e1pido del Parque Lineal Las Torres. Andr\u00e9s Mijes fue el encargado de dar la patada inaugural de la cancha de futbol r\u00e1pido [&hellip;]<\/p>\n","protected":false},"author":1,"featured_media":121649,"comment_status":"open","ping_status":"open","sticky":true,"template":"","format":"standard","meta":{"footnotes":""},"categories":[14,6],"tags":[],"_links":{"self":[{"href":"https:\/\/diariodigitalmx.com\/index.php\/wp-json\/wp\/v2\/posts\/121647"}],"collection":[{"href":"https:\/\/diariodigitalmx.com\/index.php\/wp-json\/wp\/v2\/posts"}],"about":[{"href":"https:\/\/diariodigitalmx.com\/index.php\/wp-json\/wp\/v2\/types\/post"}],"author":[{"embeddable":true,"href":"https:\/\/diariodigitalmx.com\/index.php\/wp-json\/wp\/v2\/users\/1"}],"replies":[{"embeddable":true,"href":"https:\/\/diariodigitalmx.com\/index.php\/wp-json\/wp\/v2\/comments?post=121647"}],"version-history":[{"count":3,"href":"https:\/\/diariodigitalmx.com\/index.php\/wp-json\/wp\/v2\/posts\/121647\/revisions"}],"predecessor-version":[{"id":121655,"href":"https:\/\/diariodigitalmx.com\/index.php\/wp-json\/wp\/v2\/posts\/121647\/revisions\/121655"}],"wp:featuredmedia":[{"embeddable":true,"href":"https:\/\/diariodigitalmx.com\/index.php\/wp-json\/wp\/v2\/media\/121649"}],"wp:attachment":[{"href":"https:\/\/diariodigitalmx.com\/index.php\/wp-json\/wp\/v2\/media?parent=121647"}],"wp:term":[{"taxonomy":"category","embeddable":true,"href":"https:\/\/diariodigitalmx.com\/index.php\/wp-json\/wp\/v2\/categories?post=121647"},{"taxonomy":"post_tag","embeddable":true,"href":"https:\/\/diariodigitalmx.com\/index.php\/wp-json\/wp\/v2\/tags?post=121647"}],"curies":[{"name":"wp","href":"https:\/\/api.w.org\/{rel}","templated":true}]}}