{"id":121656,"date":"2024-07-10T21:30:50","date_gmt":"2024-07-11T02:30:50","guid":{"rendered":"https:\/\/diariodigitalmx.com\/?p=121656"},"modified":"2024-07-10T21:37:59","modified_gmt":"2024-07-11T02:37:59","slug":"121656","status":"publish","type":"post","link":"https:\/\/diariodigitalmx.com\/index.php\/2024\/07\/10\/121656\/","title":{"rendered":"Sin cultura vial en NL, urge conocer reglamento de tr\u00e1nsito"},"content":{"rendered":"\n<p>Persiste en los automovilistas mexicanos el conducirse con respeto al reglamento de tr\u00e1nsito\u2026pero en Estados Unidos, nom\u00e1s pasando la frontera, afirm\u00f3 el director de Tr\u00e1nsito de Monterrey, Gerardo Gloria Ju\u00e1rez al proponer la inclusi\u00f3n de la Cultura Vial en los planes de estudio del sistema escolar como una materia regular.<\/p>\n\n\n\n<p>Gloria Ju\u00e1rez sostuvo un encuentro con trabajadores del volante de la CROC, donde Osvaldo Serna Serv\u00edn, Secretario del Transporte croquista hizo la presentaci\u00f3n del acto y puntualiz\u00f3 los esfuerzos de la organizaci\u00f3n sindical a favor de la capacitaci\u00f3n continua de los trabajadores del volante.<\/p>\n\n\n\n<figure class=\"wp-block-image size-full\"><img loading=\"lazy\" decoding=\"async\" width=\"720\" height=\"528\" src=\"https:\/\/diariodigitalmx.com\/wp-content\/uploads\/2024\/07\/Screenshot_20240710_203256_Gallery.jpg\" alt=\"\" class=\"wp-image-121660\" srcset=\"https:\/\/diariodigitalmx.com\/wp-content\/uploads\/2024\/07\/Screenshot_20240710_203256_Gallery.jpg 720w, https:\/\/diariodigitalmx.com\/wp-content\/uploads\/2024\/07\/Screenshot_20240710_203256_Gallery-300x220.jpg 300w\" sizes=\"(max-width: 720px) 100vw, 720px\" \/><\/figure>\n\n\n\n<p>Crimin\u00f3logo de profesi\u00f3n, experimentado perito, Gloria Ju\u00e1rez imparti\u00f3 una conferencia magistral, y sorprendi\u00f3 por sus dotes de comunicador, sin tecnicismos, con el uso de un lenguaje concreto y claro, logrando \u201cmeter\u201d a los oyentes a una din\u00e1mica que se torn\u00f3 agradable con preguntas y respuestas sobre la vialidad, l\u00edmites de velocidades, zonas escolares, colores y formas de los se\u00f1alamientos.<\/p>\n\n\n\n<p>En son de broma, el director de Tr\u00e1nsito dijo: \u201cvengan para ac\u00e1 todas sus licencias\u201d, ya que, de buenas a primeras, el promedio de los compa\u00f1eros taxistas no atin\u00f3 en las primeras interrogantes aplicadas por el licenciado Gloria Ju\u00e1rez.<\/p>\n\n\n\n<figure class=\"wp-block-image size-full\"><img loading=\"lazy\" decoding=\"async\" width=\"654\" height=\"434\" src=\"https:\/\/diariodigitalmx.com\/wp-content\/uploads\/2024\/07\/Screenshot_20240710_203435_Gallery.jpg\" alt=\"\" class=\"wp-image-121663\" srcset=\"https:\/\/diariodigitalmx.com\/wp-content\/uploads\/2024\/07\/Screenshot_20240710_203435_Gallery.jpg 654w, https:\/\/diariodigitalmx.com\/wp-content\/uploads\/2024\/07\/Screenshot_20240710_203435_Gallery-300x199.jpg 300w\" sizes=\"(max-width: 654px) 100vw, 654px\" \/><\/figure>\n\n\n\n<p>\u201cEs mejor que se equivoquen aqu\u00ed, en este di\u00e1logo, y no all\u00e1 afuera cuando est\u00e9n circulando\u201d, dijo Gloria Ju\u00e1rez al invitar a los asistentes a que participaran, respondiendo a las cuestiones te\u00f3ricas sobre los se\u00f1alamientos, aunque no acertaran en ese momento.<\/p>\n\n\n\n<p>Apenas avanz\u00f3 la pl\u00e1tica, los compa\u00f1eros ruleteros, viejos lobos del concreto, comenzaron a igualarle el marcador al titular de tr\u00e1nsito pues se \u201csoltaron\u201d y estuvieron muy participativos.<\/p>\n\n\n\n<p>En el di\u00e1logo aflor\u00f3 que es necesario que los taxistas y los automovilistas en general estudien el Reglamento de Tr\u00e1nsito, disponible en la Internet para evitarse sanciones y multas, sobre todo, contribuir a reducir la incidencia de accidentes, en el saldo fatal y las secuelas de discapacidad f\u00edsica que se derivan en esos hechos.<\/p>\n","protected":false},"excerpt":{"rendered":"<p>Persiste en los automovilistas mexicanos el conducirse con respeto al reglamento de tr\u00e1nsito\u2026pero en Estados Unidos, nom\u00e1s pasando la frontera, afirm\u00f3 el director de Tr\u00e1nsito de Monterrey, Gerardo Gloria Ju\u00e1rez al proponer la inclusi\u00f3n de la Cultura Vial en los planes de estudio del sistema escolar como una materia regular. Gloria Ju\u00e1rez sostuvo un encuentro [&hellip;]<\/p>\n","protected":false},"author":1,"featured_media":121658,"comment_status":"open","ping_status":"open","sticky":true,"template":"","format":"standard","meta":{"footnotes":""},"categories":[6,5],"tags":[],"_links":{"self":[{"href":"https:\/\/diariodigitalmx.com\/index.php\/wp-json\/wp\/v2\/posts\/121656"}],"collection":[{"href":"https:\/\/diariodigitalmx.com\/index.php\/wp-json\/wp\/v2\/posts"}],"about":[{"href":"https:\/\/diariodigitalmx.com\/index.php\/wp-json\/wp\/v2\/types\/post"}],"author":[{"embeddable":true,"href":"https:\/\/diariodigitalmx.com\/index.php\/wp-json\/wp\/v2\/users\/1"}],"replies":[{"embeddable":true,"href":"https:\/\/diariodigitalmx.com\/index.php\/wp-json\/wp\/v2\/comments?post=121656"}],"version-history":[{"count":5,"href":"https:\/\/diariodigitalmx.com\/index.php\/wp-json\/wp\/v2\/posts\/121656\/revisions"}],"predecessor-version":[{"id":121666,"href":"https:\/\/diariodigitalmx.com\/index.php\/wp-json\/wp\/v2\/posts\/121656\/revisions\/121666"}],"wp:featuredmedia":[{"embeddable":true,"href":"https:\/\/diariodigitalmx.com\/index.php\/wp-json\/wp\/v2\/media\/121658"}],"wp:attachment":[{"href":"https:\/\/diariodigitalmx.com\/index.php\/wp-json\/wp\/v2\/media?parent=121656"}],"wp:term":[{"taxonomy":"category","embeddable":true,"href":"https:\/\/diariodigitalmx.com\/index.php\/wp-json\/wp\/v2\/categories?post=121656"},{"taxonomy":"post_tag","embeddable":true,"href":"https:\/\/diariodigitalmx.com\/index.php\/wp-json\/wp\/v2\/tags?post=121656"}],"curies":[{"name":"wp","href":"https:\/\/api.w.org\/{rel}","templated":true}]}}