{"id":121702,"date":"2024-07-11T22:49:32","date_gmt":"2024-07-12T03:49:32","guid":{"rendered":"https:\/\/diariodigitalmx.com\/?p=121702"},"modified":"2024-07-11T22:52:59","modified_gmt":"2024-07-12T03:52:59","slug":"refuerza-escobedo-clinica-municipal-con-equipo-de-ultima-generacion","status":"publish","type":"post","link":"https:\/\/diariodigitalmx.com\/index.php\/2024\/07\/11\/refuerza-escobedo-clinica-municipal-con-equipo-de-ultima-generacion\/","title":{"rendered":"Refuerza Escobedo cl\u00ednica municipal  con equipo de \u00faltima generaci\u00f3n"},"content":{"rendered":"\n<p>El Gobierno de Escobedo reforz\u00f3 la Cl\u00ednica Municipal con equipo m\u00e9dico de \u00faltima generaci\u00f3n que se suma para brindar una atenci\u00f3n y un servicio de mayor calidad a todos los trabajadores del Municipio y a sus familias.<\/p>\n\n\n\n<p>El Alcalde Andr\u00e9s Mijes acudi\u00f3 a las instalaciones de la Cl\u00ednica Municipal ubicada sobre la Avenida Las Torres para supervisar el trabajo que se est\u00e1 realizando para proteger y atender la salud de los colaboradores municipales. &nbsp;<\/p>\n\n\n\n<figure class=\"wp-block-image size-large\"><img loading=\"lazy\" decoding=\"async\" width=\"1024\" height=\"681\" src=\"https:\/\/diariodigitalmx.com\/wp-content\/uploads\/2024\/07\/FOTO-2-1024x681.jpg\" alt=\"\" class=\"wp-image-121706\" srcset=\"https:\/\/diariodigitalmx.com\/wp-content\/uploads\/2024\/07\/FOTO-2-1024x681.jpg 1024w, https:\/\/diariodigitalmx.com\/wp-content\/uploads\/2024\/07\/FOTO-2-300x200.jpg 300w, https:\/\/diariodigitalmx.com\/wp-content\/uploads\/2024\/07\/FOTO-2-768x511.jpg 768w, https:\/\/diariodigitalmx.com\/wp-content\/uploads\/2024\/07\/FOTO-2-1536x1022.jpg 1536w, https:\/\/diariodigitalmx.com\/wp-content\/uploads\/2024\/07\/FOTO-2-2048x1363.jpg 2048w\" sizes=\"(max-width: 1024px) 100vw, 1024px\" \/><\/figure>\n\n\n\n<p>El cuidado y la atenci\u00f3n a la salud, precis\u00f3 Mijes es el eje fundamental para el optimo desarrollo de las personas, por ello a trav\u00e9s de este esfuerzo buscan sembrar una cultura de la prevenci\u00f3n.<\/p>\n\n\n\n<p>\u201cTenemos ya un espacio muy moderno, un espacio con el equipo m\u00e9dico m\u00e1s moderno para la consulta de los trabajadores municipales nosotros con estas acciones buscamos crear una cultura de la prevenci\u00f3n, que nuestros trabajadores vengan a un chequeo regular para que se cuiden\u201d, expres\u00f3 el Alcalde.<\/p>\n\n\n\n<figure class=\"wp-block-image size-large\"><img loading=\"lazy\" decoding=\"async\" width=\"1024\" height=\"681\" src=\"https:\/\/diariodigitalmx.com\/wp-content\/uploads\/2024\/07\/FOTO-6-1024x681.jpg\" alt=\"\" class=\"wp-image-121707\" srcset=\"https:\/\/diariodigitalmx.com\/wp-content\/uploads\/2024\/07\/FOTO-6-1024x681.jpg 1024w, https:\/\/diariodigitalmx.com\/wp-content\/uploads\/2024\/07\/FOTO-6-300x200.jpg 300w, https:\/\/diariodigitalmx.com\/wp-content\/uploads\/2024\/07\/FOTO-6-768x511.jpg 768w, https:\/\/diariodigitalmx.com\/wp-content\/uploads\/2024\/07\/FOTO-6-1536x1022.jpg 1536w, https:\/\/diariodigitalmx.com\/wp-content\/uploads\/2024\/07\/FOTO-6-2048x1363.jpg 2048w\" sizes=\"(max-width: 1024px) 100vw, 1024px\" \/><\/figure>\n\n\n\n<p>Mijes explic\u00f3 que se invirti\u00f3 poco m\u00e1s de 8 millones de pesos para mejorar los servicios m\u00e9dicos municipales.<\/p>\n\n\n\n<p>Actualmente la Cl\u00ednica Municipal cuenta con equipo m\u00e9dico especializado como bombas de infusi\u00f3n, electrocardiogramas, tanques de ox\u00edgeno, monitores de signos vitales, carro rojo, desfibrilador, silla de exploraci\u00f3n ginecol\u00f3gica por mencionar algunos.<\/p>\n\n\n\n<figure class=\"wp-block-gallery has-nested-images columns-default is-cropped wp-block-gallery-1 is-layout-flex wp-block-gallery-is-layout-flex\">\n<figure class=\"wp-block-image size-large\"><img loading=\"lazy\" decoding=\"async\" width=\"1024\" height=\"681\" data-id=\"121710\" src=\"https:\/\/diariodigitalmx.com\/wp-content\/uploads\/2024\/07\/FOTO-5-1024x681.jpg\" alt=\"\" class=\"wp-image-121710\" srcset=\"https:\/\/diariodigitalmx.com\/wp-content\/uploads\/2024\/07\/FOTO-5-1024x681.jpg 1024w, https:\/\/diariodigitalmx.com\/wp-content\/uploads\/2024\/07\/FOTO-5-300x200.jpg 300w, https:\/\/diariodigitalmx.com\/wp-content\/uploads\/2024\/07\/FOTO-5-768x511.jpg 768w, https:\/\/diariodigitalmx.com\/wp-content\/uploads\/2024\/07\/FOTO-5-1536x1022.jpg 1536w, https:\/\/diariodigitalmx.com\/wp-content\/uploads\/2024\/07\/FOTO-5-2048x1363.jpg 2048w\" sizes=\"(max-width: 1024px) 100vw, 1024px\" \/><\/figure>\n\n\n\n<figure class=\"wp-block-image size-large\"><img loading=\"lazy\" decoding=\"async\" width=\"1024\" height=\"681\" data-id=\"121708\" src=\"https:\/\/diariodigitalmx.com\/wp-content\/uploads\/2024\/07\/FOTO-1-1024x681.jpg\" alt=\"\" class=\"wp-image-121708\" srcset=\"https:\/\/diariodigitalmx.com\/wp-content\/uploads\/2024\/07\/FOTO-1-1024x681.jpg 1024w, https:\/\/diariodigitalmx.com\/wp-content\/uploads\/2024\/07\/FOTO-1-300x199.jpg 300w, https:\/\/diariodigitalmx.com\/wp-content\/uploads\/2024\/07\/FOTO-1-768x511.jpg 768w, https:\/\/diariodigitalmx.com\/wp-content\/uploads\/2024\/07\/FOTO-1-1536x1021.jpg 1536w, https:\/\/diariodigitalmx.com\/wp-content\/uploads\/2024\/07\/FOTO-1-2048x1362.jpg 2048w\" sizes=\"(max-width: 1024px) 100vw, 1024px\" \/><\/figure>\n\n\n\n<figure class=\"wp-block-image size-large\"><img loading=\"lazy\" decoding=\"async\" width=\"1024\" height=\"683\" data-id=\"121709\" src=\"https:\/\/diariodigitalmx.com\/wp-content\/uploads\/2024\/07\/FOTO-3-1024x683.jpg\" alt=\"\" class=\"wp-image-121709\" srcset=\"https:\/\/diariodigitalmx.com\/wp-content\/uploads\/2024\/07\/FOTO-3-1024x683.jpg 1024w, https:\/\/diariodigitalmx.com\/wp-content\/uploads\/2024\/07\/FOTO-3-300x200.jpg 300w, https:\/\/diariodigitalmx.com\/wp-content\/uploads\/2024\/07\/FOTO-3-768x512.jpg 768w, https:\/\/diariodigitalmx.com\/wp-content\/uploads\/2024\/07\/FOTO-3-1536x1024.jpg 1536w, https:\/\/diariodigitalmx.com\/wp-content\/uploads\/2024\/07\/FOTO-3-2048x1365.jpg 2048w\" sizes=\"(max-width: 1024px) 100vw, 1024px\" \/><\/figure>\n<\/figure>\n\n\n\n<p>Cabe precisar que en este espacio se brinda una atenci\u00f3n multidisciplinaria, los trabajadores tienen acceso a medicina familiar y de especialidades, servicios de enfermer\u00eda, ginecolog\u00eda y obstetricia, pediatr\u00eda, dental, nutrici\u00f3n y \u00e1rea de urgencias.<\/p>\n","protected":false},"excerpt":{"rendered":"<p>El Gobierno de Escobedo reforz\u00f3 la Cl\u00ednica Municipal con equipo m\u00e9dico de \u00faltima generaci\u00f3n que se suma para brindar una atenci\u00f3n y un servicio de mayor calidad a todos los trabajadores del Municipio y a sus familias. El Alcalde Andr\u00e9s Mijes acudi\u00f3 a las instalaciones de la Cl\u00ednica Municipal ubicada sobre la Avenida Las Torres [&hellip;]<\/p>\n","protected":false},"author":1,"featured_media":121704,"comment_status":"open","ping_status":"open","sticky":true,"template":"","format":"standard","meta":{"footnotes":""},"categories":[5,16],"tags":[],"_links":{"self":[{"href":"https:\/\/diariodigitalmx.com\/index.php\/wp-json\/wp\/v2\/posts\/121702"}],"collection":[{"href":"https:\/\/diariodigitalmx.com\/index.php\/wp-json\/wp\/v2\/posts"}],"about":[{"href":"https:\/\/diariodigitalmx.com\/index.php\/wp-json\/wp\/v2\/types\/post"}],"author":[{"embeddable":true,"href":"https:\/\/diariodigitalmx.com\/index.php\/wp-json\/wp\/v2\/users\/1"}],"replies":[{"embeddable":true,"href":"https:\/\/diariodigitalmx.com\/index.php\/wp-json\/wp\/v2\/comments?post=121702"}],"version-history":[{"count":3,"href":"https:\/\/diariodigitalmx.com\/index.php\/wp-json\/wp\/v2\/posts\/121702\/revisions"}],"predecessor-version":[{"id":121712,"href":"https:\/\/diariodigitalmx.com\/index.php\/wp-json\/wp\/v2\/posts\/121702\/revisions\/121712"}],"wp:featuredmedia":[{"embeddable":true,"href":"https:\/\/diariodigitalmx.com\/index.php\/wp-json\/wp\/v2\/media\/121704"}],"wp:attachment":[{"href":"https:\/\/diariodigitalmx.com\/index.php\/wp-json\/wp\/v2\/media?parent=121702"}],"wp:term":[{"taxonomy":"category","embeddable":true,"href":"https:\/\/diariodigitalmx.com\/index.php\/wp-json\/wp\/v2\/categories?post=121702"},{"taxonomy":"post_tag","embeddable":true,"href":"https:\/\/diariodigitalmx.com\/index.php\/wp-json\/wp\/v2\/tags?post=121702"}],"curies":[{"name":"wp","href":"https:\/\/api.w.org\/{rel}","templated":true}]}}