{"id":121720,"date":"2024-07-12T23:07:39","date_gmt":"2024-07-13T04:07:39","guid":{"rendered":"https:\/\/diariodigitalmx.com\/?p=121720"},"modified":"2024-07-12T23:08:18","modified_gmt":"2024-07-13T04:08:18","slug":"the-apodaca-jailhouse-blues","status":"publish","type":"post","link":"https:\/\/diariodigitalmx.com\/index.php\/2024\/07\/12\/the-apodaca-jailhouse-blues\/","title":{"rendered":"The Apodaca Jailhouse Blues"},"content":{"rendered":"\n<p>Gerson G\u00f3mez Salas <\/p>\n\n\n\n<p>Imaginamos al gobernador Samuel Garc\u00eda vistiendo como Johnny Cash. En medio de la audiencia. Son los internos del Centro de Readaptaci\u00f3n Social de Apodaca Nuevo Le\u00f3n.<\/p>\n\n\n\n<p>Est\u00e1 ba\u00f1ado de sudor. Han sido una presentaci\u00f3n exitosa. Pasa por su rostro la toalla. Le ofrecen un vaso con agua de la llave. Es suficientemente turbia. Un par de d\u00edas antes, en la conferencia de prensa confirm\u00f3 todo el estado cuenta con el vital l\u00edquido.<\/p>\n\n\n\n<p>Potable y bebible. Como siempre lo ha sido. Agua pura y de calidad. Samuel observa a todos los internos. Pasa las manos por el vaso. Dice no m\u00e1s preguntas. Suelta la siguiente melod\u00eda.<\/p>\n\n\n\n<p>Estalla enrabiado el cristal contra el piso. Al d\u00eda siguiente aparece nuestra estrella principal en un foro de las Naciones Unidas.<\/p>\n\n\n\n<p>Con el traje m\u00e1s limpio, planchado e innovador, el discurso habla del para\u00edso. Hemos utilizado un bill\u00f3n de pesos para erradicar la pobreza.<\/p>\n\n\n\n<p>Descendi\u00f3 un punto porcentual la l\u00ednea extrema. Venimos de un estado del norte de M\u00e9xico. En medio del desierto. Cada una de sus frases impactan. Dejan impacto duradero en los traductores.<\/p>\n\n\n\n<p>Desconocen al l\u00edder en el concierto de las naciones. La terquedad de perder el tiempo en la inutilidad de sus apariciones.<\/p>\n\n\n\n<p>La multiplicaci\u00f3n de comedores sociales p\u00fablicos lo contradice. Entre los vagabundos de planta, la tragedia de los inmigrantes y los desempleados. La exploraci\u00f3n de Samuel navega en el vac\u00edo de los desconectados de los temas reales.<\/p>\n\n\n\n<p>Ni agua potable ni abatimiento a la desigualdad social. Quien miente representa la mitoman\u00eda misteriosa del entramado pol\u00edtico.<\/p>\n","protected":false},"excerpt":{"rendered":"<p>Gerson G\u00f3mez Salas Imaginamos al gobernador Samuel Garc\u00eda vistiendo como Johnny Cash. En medio de la audiencia. Son los internos del Centro de Readaptaci\u00f3n Social de Apodaca Nuevo Le\u00f3n. Est\u00e1 ba\u00f1ado de sudor. Han sido una presentaci\u00f3n exitosa. Pasa por su rostro la toalla. Le ofrecen un vaso con agua de la llave. Es suficientemente [&hellip;]<\/p>\n","protected":false},"author":1,"featured_media":121722,"comment_status":"open","ping_status":"open","sticky":true,"template":"","format":"standard","meta":{"footnotes":""},"categories":[12,5],"tags":[],"_links":{"self":[{"href":"https:\/\/diariodigitalmx.com\/index.php\/wp-json\/wp\/v2\/posts\/121720"}],"collection":[{"href":"https:\/\/diariodigitalmx.com\/index.php\/wp-json\/wp\/v2\/posts"}],"about":[{"href":"https:\/\/diariodigitalmx.com\/index.php\/wp-json\/wp\/v2\/types\/post"}],"author":[{"embeddable":true,"href":"https:\/\/diariodigitalmx.com\/index.php\/wp-json\/wp\/v2\/users\/1"}],"replies":[{"embeddable":true,"href":"https:\/\/diariodigitalmx.com\/index.php\/wp-json\/wp\/v2\/comments?post=121720"}],"version-history":[{"count":1,"href":"https:\/\/diariodigitalmx.com\/index.php\/wp-json\/wp\/v2\/posts\/121720\/revisions"}],"predecessor-version":[{"id":121721,"href":"https:\/\/diariodigitalmx.com\/index.php\/wp-json\/wp\/v2\/posts\/121720\/revisions\/121721"}],"wp:featuredmedia":[{"embeddable":true,"href":"https:\/\/diariodigitalmx.com\/index.php\/wp-json\/wp\/v2\/media\/121722"}],"wp:attachment":[{"href":"https:\/\/diariodigitalmx.com\/index.php\/wp-json\/wp\/v2\/media?parent=121720"}],"wp:term":[{"taxonomy":"category","embeddable":true,"href":"https:\/\/diariodigitalmx.com\/index.php\/wp-json\/wp\/v2\/categories?post=121720"},{"taxonomy":"post_tag","embeddable":true,"href":"https:\/\/diariodigitalmx.com\/index.php\/wp-json\/wp\/v2\/tags?post=121720"}],"curies":[{"name":"wp","href":"https:\/\/api.w.org\/{rel}","templated":true}]}}