{"id":121723,"date":"2024-07-12T23:13:10","date_gmt":"2024-07-13T04:13:10","guid":{"rendered":"https:\/\/diariodigitalmx.com\/?p=121723"},"modified":"2024-07-12T23:15:43","modified_gmt":"2024-07-13T04:15:43","slug":"cambian-mandos-estudiantiles-en-taller-de-periodismo-de-preparacion-2","status":"publish","type":"post","link":"https:\/\/diariodigitalmx.com\/index.php\/2024\/07\/12\/cambian-mandos-estudiantiles-en-taller-de-periodismo-de-preparacion-2\/","title":{"rendered":"Cambian mandos estudiantiles en taller de periodismo de prepa 2"},"content":{"rendered":"\n<p>Por: Lic. Ra\u00fal E. Guevara Ortiz\/Prensa Prepa 2.- Puntuales a la cita que llegan como desde hace ya casi 10 a\u00f1os, el pasado s\u00e1bado 6 de julio, los integrantes del Taller de Periodismo de la Preparatoria N\u00b0 2 de la Universidad Aut\u00f3noma de Nuevo Le\u00f3n llevaron a cabo su ritual de CAMBIO DE MANDOS ESTUDIANTILES&nbsp; de su actividad extracurricular.<\/p>\n\n\n\n<p>Como una forma de darle la importancia que para ellos tiene, los j\u00f3venes estudiantes tomaron la protesta a sus compa\u00f1eros que ser\u00e1n su enlace con la autoridades educativas y sus propios instructores dentro de sus clases pr\u00e1cticas y actividades de apoyo de imagen para la preparatoria.<\/p>\n\n\n\n<figure class=\"wp-block-image size-large\"><img loading=\"lazy\" decoding=\"async\" width=\"1024\" height=\"557\" src=\"https:\/\/diariodigitalmx.com\/wp-content\/uploads\/2024\/07\/taller-foto-grupo-1024x557.jpg\" alt=\"\" class=\"wp-image-121728\" srcset=\"https:\/\/diariodigitalmx.com\/wp-content\/uploads\/2024\/07\/taller-foto-grupo-1024x557.jpg 1024w, https:\/\/diariodigitalmx.com\/wp-content\/uploads\/2024\/07\/taller-foto-grupo-300x163.jpg 300w, https:\/\/diariodigitalmx.com\/wp-content\/uploads\/2024\/07\/taller-foto-grupo-768x418.jpg 768w, https:\/\/diariodigitalmx.com\/wp-content\/uploads\/2024\/07\/taller-foto-grupo.jpg 1257w\" sizes=\"(max-width: 1024px) 100vw, 1024px\" \/><\/figure>\n\n\n\n<p>&#8220;La labor que Ustedes realizan es de gran importancia para nuestra Preparatoria, porque no solo acuden aqu\u00ed s\u00e1bado a s\u00e1bado a recibir una ense\u00f1anza de algo nuevo que les forja su futuro profesional, sino que adem\u00e1s sirve para el fortalecimiento de la imagen interna y externa de la misma&#8221;, expres\u00f3 el Maestro en Educaci\u00f3n Superior, Oscar Cortes Torres director y testigo de honor del evento.<\/p>\n\n\n\n<figure class=\"wp-block-gallery has-nested-images columns-default is-cropped wp-block-gallery-1 is-layout-flex wp-block-gallery-is-layout-flex\">\n<figure class=\"wp-block-image size-large\"><img loading=\"lazy\" decoding=\"async\" width=\"1024\" height=\"683\" data-id=\"121730\" src=\"https:\/\/diariodigitalmx.com\/wp-content\/uploads\/2024\/07\/IMG_5591-1024x683.jpg\" alt=\"\" class=\"wp-image-121730\" srcset=\"https:\/\/diariodigitalmx.com\/wp-content\/uploads\/2024\/07\/IMG_5591-1024x683.jpg 1024w, https:\/\/diariodigitalmx.com\/wp-content\/uploads\/2024\/07\/IMG_5591-300x200.jpg 300w, https:\/\/diariodigitalmx.com\/wp-content\/uploads\/2024\/07\/IMG_5591-768x512.jpg 768w, https:\/\/diariodigitalmx.com\/wp-content\/uploads\/2024\/07\/IMG_5591-1536x1024.jpg 1536w, https:\/\/diariodigitalmx.com\/wp-content\/uploads\/2024\/07\/IMG_5591.jpg 1920w\" sizes=\"(max-width: 1024px) 100vw, 1024px\" \/><\/figure>\n\n\n\n<figure class=\"wp-block-image size-large\"><img loading=\"lazy\" decoding=\"async\" width=\"1024\" height=\"683\" data-id=\"121731\" src=\"https:\/\/diariodigitalmx.com\/wp-content\/uploads\/2024\/07\/IMG_5581-1024x683.jpg\" alt=\"\" class=\"wp-image-121731\" srcset=\"https:\/\/diariodigitalmx.com\/wp-content\/uploads\/2024\/07\/IMG_5581-1024x683.jpg 1024w, https:\/\/diariodigitalmx.com\/wp-content\/uploads\/2024\/07\/IMG_5581-300x200.jpg 300w, https:\/\/diariodigitalmx.com\/wp-content\/uploads\/2024\/07\/IMG_5581-768x512.jpg 768w, https:\/\/diariodigitalmx.com\/wp-content\/uploads\/2024\/07\/IMG_5581-1536x1024.jpg 1536w, https:\/\/diariodigitalmx.com\/wp-content\/uploads\/2024\/07\/IMG_5581.jpg 1920w\" sizes=\"(max-width: 1024px) 100vw, 1024px\" \/><\/figure>\n<\/figure>\n\n\n\n<p>Ser\u00e1n los j\u00f3venes Laura Viridiana Reyna Cant\u00fa del Bachillerato General y Andr\u00e9s Mart\u00ednez Coronado del CIDEB Obispado, quienes luego de la evaluaci\u00f3n realizada por los instructores Enrique Fern\u00e1ndez Aguilar, Edgardo Arrambide Paz y Ra\u00fal Guevara Ortiz, sobre su desempe\u00f1o acad\u00e9mico, empat\u00eda, trabajo en equipo, entre otros conceptos que se &nbsp;design\u00f3 a los bachilleres como los Coordinadores Estudiantiles del turno vespertino y matutino respectivamente dentro del ciclo junio 2024-junio 2025.<\/p>\n\n\n\n<p>Durante el evento el CAMBIO DE ESTAFETA representada en forma simb\u00f3lica por una C\u00c1MARA FOTOGR\u00c1FICA, la Coordinaci\u00f3n Estudiantil del periodo junio 2023-junio 2024 entreg\u00f3 a los nuevos representantes el poder para representar y coordinar a sus compa\u00f1eros en un evento realizado en la Sala de Usos M\u00faltiples de la Preparatoria 2, a donde asistieron un gran n\u00famero de padres de familia, quienes atestiguaron adem\u00e1s la entrega de los Constancias de los estudiantes que curaron el semestre enero -junio 2024 dentro del Taller de Periodismo.<\/p>\n","protected":false},"excerpt":{"rendered":"<p>Por: Lic. Ra\u00fal E. Guevara Ortiz\/Prensa Prepa 2.- Puntuales a la cita que llegan como desde hace ya casi 10 a\u00f1os, el pasado s\u00e1bado 6 de julio, los integrantes del Taller de Periodismo de la Preparatoria N\u00b0 2 de la Universidad Aut\u00f3noma de Nuevo Le\u00f3n llevaron a cabo su ritual de CAMBIO DE MANDOS ESTUDIANTILES&nbsp; [&hellip;]<\/p>\n","protected":false},"author":1,"featured_media":121725,"comment_status":"open","ping_status":"open","sticky":true,"template":"","format":"standard","meta":{"footnotes":""},"categories":[6,5],"tags":[],"_links":{"self":[{"href":"https:\/\/diariodigitalmx.com\/index.php\/wp-json\/wp\/v2\/posts\/121723"}],"collection":[{"href":"https:\/\/diariodigitalmx.com\/index.php\/wp-json\/wp\/v2\/posts"}],"about":[{"href":"https:\/\/diariodigitalmx.com\/index.php\/wp-json\/wp\/v2\/types\/post"}],"author":[{"embeddable":true,"href":"https:\/\/diariodigitalmx.com\/index.php\/wp-json\/wp\/v2\/users\/1"}],"replies":[{"embeddable":true,"href":"https:\/\/diariodigitalmx.com\/index.php\/wp-json\/wp\/v2\/comments?post=121723"}],"version-history":[{"count":3,"href":"https:\/\/diariodigitalmx.com\/index.php\/wp-json\/wp\/v2\/posts\/121723\/revisions"}],"predecessor-version":[{"id":121732,"href":"https:\/\/diariodigitalmx.com\/index.php\/wp-json\/wp\/v2\/posts\/121723\/revisions\/121732"}],"wp:featuredmedia":[{"embeddable":true,"href":"https:\/\/diariodigitalmx.com\/index.php\/wp-json\/wp\/v2\/media\/121725"}],"wp:attachment":[{"href":"https:\/\/diariodigitalmx.com\/index.php\/wp-json\/wp\/v2\/media?parent=121723"}],"wp:term":[{"taxonomy":"category","embeddable":true,"href":"https:\/\/diariodigitalmx.com\/index.php\/wp-json\/wp\/v2\/categories?post=121723"},{"taxonomy":"post_tag","embeddable":true,"href":"https:\/\/diariodigitalmx.com\/index.php\/wp-json\/wp\/v2\/tags?post=121723"}],"curies":[{"name":"wp","href":"https:\/\/api.w.org\/{rel}","templated":true}]}}