{"id":121736,"date":"2024-07-13T08:28:42","date_gmt":"2024-07-13T13:28:42","guid":{"rendered":"https:\/\/diariodigitalmx.com\/?p=121736"},"modified":"2024-07-13T08:29:29","modified_gmt":"2024-07-13T13:29:29","slug":"caja-chica","status":"publish","type":"post","link":"https:\/\/diariodigitalmx.com\/index.php\/2024\/07\/13\/caja-chica\/","title":{"rendered":"Caja Chica&#8230;"},"content":{"rendered":"\n<p>Cosas del Tony<\/p>\n\n\n\n<p>Por: Antonio S\u00e1nchez R.<\/p>\n\n\n\n<p>Desde hace muchos, much\u00edsimos a\u00f1os, que se ten\u00eda una no muy vaga idea de que cada gobernador en turno ten\u00eda a su disposici\u00f3n una llamada \u201cCaja Chica\u201d que, seg\u00fan quienes saben de esto, no era ni tan chica, pues alcanzaba para cubrir muchos de los gastos extra oficiales que surg\u00edan en el camino.<\/p>\n\n\n\n<p>Con el paso de los a\u00f1os, se fue convirtiendo en un secreto a voces que aquella \u201cfuente\u201d de la que brotaban los recursos a borbotones, era nada m\u00e1s y nada menos que de la empresa paraestatal Agua y Drenaje, misma que desde hace d\u00e9cadas se ha convertido en el organismo m\u00e1s cuestionado, no s\u00f3lo por la poca o nula eficiencia en sus servicios, sino por la corrupci\u00f3n imperante en la misma.<\/p>\n\n\n\n<p>Las \u201cfugas\u201d de capital, los movimientos administrativos sospechosos, en fin, una serie de irregularidades que jam\u00e1s fueron aclaradas, fueron y han sido parte de la negra historia de una empresa que tendr\u00eda qu\u00e9 manejarse de una manera m\u00e1s clara que ni el agua.<\/p>\n\n\n\n<p>Hace poco m\u00e1s de un a\u00f1o, desde este mismo espacio, coment\u00e1bamos que Agua y Drenaje estaba incurriendo en cobros excesivos en los recibos y que por m\u00e1s que se protestaba, no hab\u00eda marcha atr\u00e1s: o pagabas o pagabas. En aquellos meses, se\u00f1alamos la posibilidad de que esos recursos ingresados a \u201cla brava\u201d, ser\u00edan destinados a las campa\u00f1as de los candidatos de Movimiento Ciudadano.<\/p>\n\n\n\n<p>El tiempo nos dio la raz\u00f3n, pues han salido a flote muchas cosas \u201cchuecas\u201d, algunas ya sabidas y otras que ten\u00edamos en un \u201csospechosismo\u201d certero en el que la figura del FosfoGober se situaba en primera plana. Ya salt\u00f3 la liebre y seg\u00fan datos oficiales, el imberbe gober est\u00e1 acusado de desvi\u00f3 de recursos no s\u00f3lo para las campa\u00f1as de los candidatos de su partido, sino tambi\u00e9n para su propia y fallida campa\u00f1a presidencial.<\/p>\n\n\n\n<p>A flote surgi\u00f3 aquel famoso \u201cguardadito\u201d del gobernador interino, Fernando Elizondo, quien confes\u00f3 que, v\u00eda Agua y Drenaje, se hab\u00eda conseguido un \u201cguardadito\u201d de poco m\u00e1s de 3 mil millones de pesos. A\u00f1os despu\u00e9s, el \u201cguardadito\u201d se hizo humo, desapareci\u00f3, pero queda como evidencia de que, con artima\u00f1as o peripecias administrativas, se pueden conseguir otros \u201cguardaditos\u201d.<\/p>\n\n\n\n<p>Nada m\u00e1s para que se den una ligera idea de c\u00f3mo pudo haberse creado otro \u201cguardadito\u201d, existen muchas dudas en torno al trabajo de mantenimiento que se debe realizar no s\u00f3lo a las tuber\u00edas que surten de agua a Monterrey y su \u00e1rea metropolitana, sino tambi\u00e9n a los puntos de recepci\u00f3n para su tratamiento y posterior distribuci\u00f3n.<\/p>\n\n\n\n<p>Desde casi tres meses antes de que se reportara la falla en el ducto de La Huasteca, en San Pedro Garza Garc\u00eda ya se registraba un olor extra\u00f1o y un sabor terroso en el agua que se recib\u00eda en los hogares. Uno de los primeros detalles que advertimos fue lo ya antes se\u00f1alado: la nula atenci\u00f3n a los puntos de recepci\u00f3n de esa agua, cero mantenimiento, cero insumos para la trata del agua.<\/p>\n\n\n\n<p>Luego vendr\u00eda la famosa \u201cfalla\u201d, la rotura de uno de los ductos, misma que se da, sin lugar a dudas, por la falta de supervisi\u00f3n y mantenimiento en esa zona, esto es, \u201cahorros\u201d a trav\u00e9s de una evidente falta de personal que atendiera precisamente ese sector y pudiera haber detectado a tiempo la mencionada \u201cfalla\u201d.<\/p>\n\n\n\n<p>La \u201cCaja Chica\u201d funcion\u00f3 a la perfecci\u00f3n. Brotaron lo recursos para cubrir las campa\u00f1as de \u00c1lvarez M\u00e1inez y, seguramente, de la Marianis y para nada, perdieron, pero esta \u00faltima todav\u00eda cree que puede llegar a la alcald\u00eda regia, lo cual se antoja muuuy dif\u00edcil.<\/p>\n\n\n\n<p>Pero lo peor est\u00e1 por venir: Agua y Drenaje, con la anuencia del FosfoGober, tiene proyectado el cobro de una \u201ccuota especial\u201d, aplicable al recibo por el \u201cservicio\u201d, para cubrir los gastos de reparaci\u00f3n de la \u201cfalla\u201d, una falla que tendr\u00eda qu\u00e9 pagarse con los recursos que ingresan de manera regular a la empresa. \u00bfPor qu\u00e9 tienen qu\u00e9 pagar los usuarios por la negligencia de quienes dirigen dicha paraestatal? Ah\u00f3 se las dejamos de tarea\u2026<\/p>\n","protected":false},"excerpt":{"rendered":"<p>Cosas del Tony Por: Antonio S\u00e1nchez R. Desde hace muchos, much\u00edsimos a\u00f1os, que se ten\u00eda una no muy vaga idea de que cada gobernador en turno ten\u00eda a su disposici\u00f3n una llamada \u201cCaja Chica\u201d que, seg\u00fan quienes saben de esto, no era ni tan chica, pues alcanzaba para cubrir muchos de los gastos extra oficiales [&hellip;]<\/p>\n","protected":false},"author":1,"featured_media":121738,"comment_status":"open","ping_status":"open","sticky":true,"template":"","format":"standard","meta":{"footnotes":""},"categories":[14,12],"tags":[],"_links":{"self":[{"href":"https:\/\/diariodigitalmx.com\/index.php\/wp-json\/wp\/v2\/posts\/121736"}],"collection":[{"href":"https:\/\/diariodigitalmx.com\/index.php\/wp-json\/wp\/v2\/posts"}],"about":[{"href":"https:\/\/diariodigitalmx.com\/index.php\/wp-json\/wp\/v2\/types\/post"}],"author":[{"embeddable":true,"href":"https:\/\/diariodigitalmx.com\/index.php\/wp-json\/wp\/v2\/users\/1"}],"replies":[{"embeddable":true,"href":"https:\/\/diariodigitalmx.com\/index.php\/wp-json\/wp\/v2\/comments?post=121736"}],"version-history":[{"count":1,"href":"https:\/\/diariodigitalmx.com\/index.php\/wp-json\/wp\/v2\/posts\/121736\/revisions"}],"predecessor-version":[{"id":121737,"href":"https:\/\/diariodigitalmx.com\/index.php\/wp-json\/wp\/v2\/posts\/121736\/revisions\/121737"}],"wp:featuredmedia":[{"embeddable":true,"href":"https:\/\/diariodigitalmx.com\/index.php\/wp-json\/wp\/v2\/media\/121738"}],"wp:attachment":[{"href":"https:\/\/diariodigitalmx.com\/index.php\/wp-json\/wp\/v2\/media?parent=121736"}],"wp:term":[{"taxonomy":"category","embeddable":true,"href":"https:\/\/diariodigitalmx.com\/index.php\/wp-json\/wp\/v2\/categories?post=121736"},{"taxonomy":"post_tag","embeddable":true,"href":"https:\/\/diariodigitalmx.com\/index.php\/wp-json\/wp\/v2\/tags?post=121736"}],"curies":[{"name":"wp","href":"https:\/\/api.w.org\/{rel}","templated":true}]}}