{"id":121739,"date":"2024-07-13T11:53:41","date_gmt":"2024-07-13T16:53:41","guid":{"rendered":"https:\/\/diariodigitalmx.com\/?p=121739"},"modified":"2024-07-13T11:55:29","modified_gmt":"2024-07-13T16:55:29","slug":"charlas-de-taberna-13","status":"publish","type":"post","link":"https:\/\/diariodigitalmx.com\/index.php\/2024\/07\/13\/charlas-de-taberna-13\/","title":{"rendered":"Charlas de taberna"},"content":{"rendered":"\n<p>Marcos H. Valerio <\/p>\n\n\n\n<p>*\u00a1ANIMACIONES QUE COBRAN VIDA: &#8220;AMLITOS&#8221; Y M\u00c1S!, ES LA NUEVA ESTRELLA EN REDES SOCIALES<\/p>\n\n\n\n<p>Adem\u00e1s de los populares &#8220;Amlitos&#8221;, los cuales, se ofertan principalmente en el Centro Hist\u00f3rico de la Ciudad de M\u00e9xico, ahora, dan vida animada al presidente Andr\u00e9s Manuel L\u00f3pez Obrador, \u00a1hay nuevas estrellas en las redes sociales! La talentosa artista Marie Tavares ha creado encantadoras animaciones en honor al Jefe del Ejecutivo, destacando la visita de la futura presidenta, Claudia Sheinbaum, a Palacio Nacional.<\/p>\n\n\n\n<p>&#8220;Miren la creatividad de @marie_tabares. Los mexicanos no somos acartonados ni fr\u00edvolos, somos ingeniosos&#8221;, proclam\u00f3 entusiasmado el mandatario, mientras mostraba la obra de la joven creativa mexicana que reside en Holanda. Tavares ha hecho una &#8220;ma\u00f1anera animada&#8221; que ha capturado corazones y sonrisas.<\/p>\n\n\n\n<figure class=\"wp-block-image size-full\"><img loading=\"lazy\" decoding=\"async\" width=\"887\" height=\"599\" src=\"https:\/\/diariodigitalmx.com\/wp-content\/uploads\/2024\/07\/IMG-20240712-WA0064.jpg\" alt=\"\" class=\"wp-image-121742\" srcset=\"https:\/\/diariodigitalmx.com\/wp-content\/uploads\/2024\/07\/IMG-20240712-WA0064.jpg 887w, https:\/\/diariodigitalmx.com\/wp-content\/uploads\/2024\/07\/IMG-20240712-WA0064-300x203.jpg 300w, https:\/\/diariodigitalmx.com\/wp-content\/uploads\/2024\/07\/IMG-20240712-WA0064-768x519.jpg 768w\" sizes=\"(max-width: 887px) 100vw, 887px\" \/><\/figure>\n\n\n\n<p>En esta animaci\u00f3n, vemos al Jefe del Ejecutivo recorriendo el majestuoso patio central de Palacio Nacional hasta llegar al sal\u00f3n Tesorer\u00eda, donde lo esperan ansiosos los periodistas. \u00a1Y ah\u00ed comienza su conferencia de &#8220;La Ma\u00f1anera&#8221; en un estilo \u00fanico y animado!<\/p>\n\n\n\n<p>Estas obras no solo celebran la figura presidencial, sino tambi\u00e9n la chispa creativa y el ingenio que caracterizan al pueblo mexicano. \u00a1Bravo por Marie Tavares y su talento que cruza fronteras!<\/p>\n\n\n\n<figure class=\"wp-block-gallery has-nested-images columns-default is-cropped wp-block-gallery-1 is-layout-flex wp-block-gallery-is-layout-flex\">\n<figure class=\"wp-block-image size-large\"><img loading=\"lazy\" decoding=\"async\" width=\"885\" height=\"509\" data-id=\"121745\" src=\"https:\/\/diariodigitalmx.com\/wp-content\/uploads\/2024\/07\/IMG-20240712-WA0070.jpg\" alt=\"\" class=\"wp-image-121745\" srcset=\"https:\/\/diariodigitalmx.com\/wp-content\/uploads\/2024\/07\/IMG-20240712-WA0070.jpg 885w, https:\/\/diariodigitalmx.com\/wp-content\/uploads\/2024\/07\/IMG-20240712-WA0070-300x173.jpg 300w, https:\/\/diariodigitalmx.com\/wp-content\/uploads\/2024\/07\/IMG-20240712-WA0070-768x442.jpg 768w\" sizes=\"(max-width: 885px) 100vw, 885px\" \/><\/figure>\n\n\n\n<figure class=\"wp-block-image size-large\"><img loading=\"lazy\" decoding=\"async\" width=\"802\" height=\"620\" data-id=\"121744\" src=\"https:\/\/diariodigitalmx.com\/wp-content\/uploads\/2024\/07\/IMG-20240712-WA00711.jpg\" alt=\"\" class=\"wp-image-121744\" srcset=\"https:\/\/diariodigitalmx.com\/wp-content\/uploads\/2024\/07\/IMG-20240712-WA00711.jpg 802w, https:\/\/diariodigitalmx.com\/wp-content\/uploads\/2024\/07\/IMG-20240712-WA00711-300x232.jpg 300w, https:\/\/diariodigitalmx.com\/wp-content\/uploads\/2024\/07\/IMG-20240712-WA00711-768x594.jpg 768w\" sizes=\"(max-width: 802px) 100vw, 802px\" \/><\/figure>\n\n\n\n<figure class=\"wp-block-image size-large\"><img loading=\"lazy\" decoding=\"async\" width=\"1024\" height=\"567\" data-id=\"121746\" src=\"https:\/\/diariodigitalmx.com\/wp-content\/uploads\/2024\/07\/IMG-20240712-WA0063-1024x567.jpg\" alt=\"\" class=\"wp-image-121746\" srcset=\"https:\/\/diariodigitalmx.com\/wp-content\/uploads\/2024\/07\/IMG-20240712-WA0063-1024x567.jpg 1024w, https:\/\/diariodigitalmx.com\/wp-content\/uploads\/2024\/07\/IMG-20240712-WA0063-300x166.jpg 300w, https:\/\/diariodigitalmx.com\/wp-content\/uploads\/2024\/07\/IMG-20240712-WA0063-768x425.jpg 768w, https:\/\/diariodigitalmx.com\/wp-content\/uploads\/2024\/07\/IMG-20240712-WA0063.jpg 1168w\" sizes=\"(max-width: 1024px) 100vw, 1024px\" \/><\/figure>\n<\/figure>\n\n\n\n<p>&#8220;AMLITOS&#8221;: S\u00cdMBOLO DEL CARISMA PRESIDENCIAL<br>En el bullicioso Centro Hist\u00f3rico de la Ciudad de M\u00e9xico, los puestos de souvenirs ofrecen una variedad de productos, pero los m\u00e1s populares son, sin duda, los &#8220;Amlitos&#8221;.<\/p>\n\n\n\n<p>Estos peque\u00f1os mu\u00f1ecos de peluche, que representan al presidente Andr\u00e9s Manuel L\u00f3pez Obrador (AMLO), han capturado la imaginaci\u00f3n del p\u00fablico. Con su cabello canoso, nariz aguile\u00f1a y las caracter\u00edsticas bolsas bajo los ojos, &#8220;Amlito&#8221; se ha convertido en un \u00edcono para muchos mexicanos. Adem\u00e1s de los mu\u00f1ecos, se pueden encontrar &#8220;Amlitos&#8221; en llaveros y cuadernillos para colorear.<\/p>\n\n\n\n<p>Desde su creaci\u00f3n en 2006, &#8220;Amlito&#8221; ha sido una representaci\u00f3n simb\u00f3lica de L\u00f3pez Obrador, quien de acuerdo a la reci\u00e9n encuesta elaborada por Morning Consult cuenta con 62 por ciento de aprobaci\u00f3n nacional.<\/p>\n\n\n\n<p>Este carism\u00e1tico l\u00edder ha resonado profundamente con la clase trabajadora, gan\u00e1ndose el cari\u00f1o de personas como do\u00f1a Julia Garc\u00eda, de 66 a\u00f1os, quien viaj\u00f3 desde la colonia Ajusco en Coyoac\u00e1n para comprar un mu\u00f1eco del Presidente. &#8220;\u00c9l ha hecho lo mejor que puede en su cargo y siempre ha mostrado conexi\u00f3n con los desfavorecidos&#8221;, comenta do\u00f1a Julia.<\/p>\n\n\n\n<p>El impacto del presidente de la Rep\u00fablica, no se limita a sus pol\u00edticas; su presencia se ha vuelto casi m\u00edtica en la pol\u00edtica mexicana. Aunque no puede reelegirse en las pr\u00f3ximas elecciones federales, su imagen sigue dominando el escenario pol\u00edtico. Para el analista Carlos P\u00e9rez Ricart del CIDE, &#8220;Para bien o para mal, ha logrado que toda la pol\u00edtica nacional gire en torno a \u00e9l&#8221;.<\/p>\n\n\n\n<p>Esta influencia ha llevado a seguidores como Armando Monter a abrir puestos de recuerdos dedicados a L\u00f3pez Obrador. Armando, quien se considera un &#8220;AMLOver&#8221;, comenta: &#8220;Ahora vendemos pr\u00e1cticamente de todo porque la imagen del Presidente es muy querida&#8221;. Su puesto en el centro de la Ciudad de M\u00e9xico ha crecido r\u00e1pidamente debido a la alta demanda de productos relacionados con el mandatario.<\/p>\n\n\n\n<p>La figura de L\u00f3pez Obrador ha sido prominente durante d\u00e9cadas, desde su estrecha derrota en las elecciones presidenciales de 2006, hasta su victoria decisiva en 2018 contra el Partido Revolucionario Institucional (PRI). Este recorrido pol\u00edtico ha cimentado su estatus y, a pesar de las controversias, contin\u00faa siendo una figura central e influyente en M\u00e9xico.<\/p>\n\n\n\n<p>Incluso las encuestas realizadas por empresas no alineadas con el actual presidente lo colocan como uno de los pol\u00edticos m\u00e1s populares del pa\u00eds. Esto refleja no solo su impacto pol\u00edtico, sino tambi\u00e9n la profunda conexi\u00f3n emocional que ha establecido con una gran parte de la poblaci\u00f3n mexicana.<\/p>\n\n\n\n<p>Los &#8220;Amlitos&#8221; son m\u00e1s que simples souvenirs; son un testimonio del carisma y la influencia perdurable de L\u00f3pez Obrador.<\/p>\n","protected":false},"excerpt":{"rendered":"<p>Marcos H. Valerio *\u00a1ANIMACIONES QUE COBRAN VIDA: &#8220;AMLITOS&#8221; Y M\u00c1S!, ES LA NUEVA ESTRELLA EN REDES SOCIALES Adem\u00e1s de los populares &#8220;Amlitos&#8221;, los cuales, se ofertan principalmente en el Centro Hist\u00f3rico de la Ciudad de M\u00e9xico, ahora, dan vida animada al presidente Andr\u00e9s Manuel L\u00f3pez Obrador, \u00a1hay nuevas estrellas en las redes sociales! La talentosa [&hellip;]<\/p>\n","protected":false},"author":1,"featured_media":121741,"comment_status":"open","ping_status":"open","sticky":true,"template":"","format":"standard","meta":{"footnotes":""},"categories":[14,2],"tags":[],"_links":{"self":[{"href":"https:\/\/diariodigitalmx.com\/index.php\/wp-json\/wp\/v2\/posts\/121739"}],"collection":[{"href":"https:\/\/diariodigitalmx.com\/index.php\/wp-json\/wp\/v2\/posts"}],"about":[{"href":"https:\/\/diariodigitalmx.com\/index.php\/wp-json\/wp\/v2\/types\/post"}],"author":[{"embeddable":true,"href":"https:\/\/diariodigitalmx.com\/index.php\/wp-json\/wp\/v2\/users\/1"}],"replies":[{"embeddable":true,"href":"https:\/\/diariodigitalmx.com\/index.php\/wp-json\/wp\/v2\/comments?post=121739"}],"version-history":[{"count":2,"href":"https:\/\/diariodigitalmx.com\/index.php\/wp-json\/wp\/v2\/posts\/121739\/revisions"}],"predecessor-version":[{"id":121747,"href":"https:\/\/diariodigitalmx.com\/index.php\/wp-json\/wp\/v2\/posts\/121739\/revisions\/121747"}],"wp:featuredmedia":[{"embeddable":true,"href":"https:\/\/diariodigitalmx.com\/index.php\/wp-json\/wp\/v2\/media\/121741"}],"wp:attachment":[{"href":"https:\/\/diariodigitalmx.com\/index.php\/wp-json\/wp\/v2\/media?parent=121739"}],"wp:term":[{"taxonomy":"category","embeddable":true,"href":"https:\/\/diariodigitalmx.com\/index.php\/wp-json\/wp\/v2\/categories?post=121739"},{"taxonomy":"post_tag","embeddable":true,"href":"https:\/\/diariodigitalmx.com\/index.php\/wp-json\/wp\/v2\/tags?post=121739"}],"curies":[{"name":"wp","href":"https:\/\/api.w.org\/{rel}","templated":true}]}}