{"id":121748,"date":"2024-07-13T19:45:58","date_gmt":"2024-07-14T00:45:58","guid":{"rendered":"https:\/\/diariodigitalmx.com\/?p=121748"},"modified":"2024-07-13T19:47:42","modified_gmt":"2024-07-14T00:47:42","slug":"trump-es-herido-en-atentado-mueren-dos-personas","status":"publish","type":"post","link":"https:\/\/diariodigitalmx.com\/index.php\/2024\/07\/13\/trump-es-herido-en-atentado-mueren-dos-personas\/","title":{"rendered":"Trump es herido en atentado; mueren dos personas"},"content":{"rendered":"\n<figure class=\"wp-block-image size-full\"><img loading=\"lazy\" decoding=\"async\" width=\"205\" height=\"125\" src=\"https:\/\/diariodigitalmx.com\/wp-content\/uploads\/2024\/07\/descarga.jpeg\" alt=\"\" class=\"wp-image-121752\"\/><\/figure>\n\n\n\n<p>Donald Trump, precandidato republicano y expresidente de Estados Unidos, result\u00f3 herido durante un atentado en un mitin de apoyo en Butler, Pensilvania.<\/p>\n\n\n\n<p>Agentes del Servicio Secreto actuaron tras escucharse tres disparos, por lo que lo agacharon y lo trasladaron al hospital.<\/p>\n\n\n\n<p>Trump estuvo en el suelo durante aproximadamente un minuto, y al levantarse, parec\u00eda herido, con sangre en el rostro, mientras se llev\u00f3 la mano al o\u00eddo.<\/p>\n\n\n\n<p>Richard Goldinger, fiscal del condado de Butler, lugar donde se estaba el mitin, detall\u00f3 que dos personas murieron, incluido el aparente tirador<\/p>\n\n\n\n<p>Trump mostraba un gr\u00e1fico con las cifras de cruces fronterizos cuando empezaron a sonar explosiones entre la multitud. Se le observaba llev\u00e1ndose la mano derecha al cuello donde parec\u00eda tener sangre en la cara.<\/p>\n\n\n\n<p>El o\u00eddo de Trump parec\u00eda sangrar profusamente mientras lo sacaban apresuradamente del escenario.<\/p>\n\n\n\n<p>La multitud asistente aplaudi\u00f3 cuando Trump se levant\u00f3 y alz\u00f3 el pu\u00f1o. &#8220;Estados Unidos, Estados Unidos&#8221;, gritaron.<\/p>\n\n\n\n<p>&#8220;El Presidente Trump agradece a las fuerzas del orden y a los servicios de emergencia por su r\u00e1pida actuaci\u00f3n durante este acto atroz&#8221;, dijo el portavoz Steven Cheung en un comunicado.<br>&#8220;Est\u00e1 bien y est\u00e1 siendo examinado en un centro m\u00e9dico local. Pronto habr\u00e1 m\u00e1s detalles&#8221;, agreg\u00f3.<\/p>\n\n\n\n<p>De acuerdo con el servicio secreto, el ex presidente est\u00e1 fuera de peligro y es atendido en un hospital.<\/p>\n","protected":false},"excerpt":{"rendered":"<p>Donald Trump, precandidato republicano y expresidente de Estados Unidos, result\u00f3 herido durante un atentado en un mitin de apoyo en Butler, Pensilvania. Agentes del Servicio Secreto actuaron tras escucharse tres disparos, por lo que lo agacharon y lo trasladaron al hospital. Trump estuvo en el suelo durante aproximadamente un minuto, y al levantarse, parec\u00eda herido, [&hellip;]<\/p>\n","protected":false},"author":1,"featured_media":121750,"comment_status":"open","ping_status":"open","sticky":true,"template":"","format":"standard","meta":{"footnotes":""},"categories":[4,3],"tags":[],"_links":{"self":[{"href":"https:\/\/diariodigitalmx.com\/index.php\/wp-json\/wp\/v2\/posts\/121748"}],"collection":[{"href":"https:\/\/diariodigitalmx.com\/index.php\/wp-json\/wp\/v2\/posts"}],"about":[{"href":"https:\/\/diariodigitalmx.com\/index.php\/wp-json\/wp\/v2\/types\/post"}],"author":[{"embeddable":true,"href":"https:\/\/diariodigitalmx.com\/index.php\/wp-json\/wp\/v2\/users\/1"}],"replies":[{"embeddable":true,"href":"https:\/\/diariodigitalmx.com\/index.php\/wp-json\/wp\/v2\/comments?post=121748"}],"version-history":[{"count":2,"href":"https:\/\/diariodigitalmx.com\/index.php\/wp-json\/wp\/v2\/posts\/121748\/revisions"}],"predecessor-version":[{"id":121753,"href":"https:\/\/diariodigitalmx.com\/index.php\/wp-json\/wp\/v2\/posts\/121748\/revisions\/121753"}],"wp:featuredmedia":[{"embeddable":true,"href":"https:\/\/diariodigitalmx.com\/index.php\/wp-json\/wp\/v2\/media\/121750"}],"wp:attachment":[{"href":"https:\/\/diariodigitalmx.com\/index.php\/wp-json\/wp\/v2\/media?parent=121748"}],"wp:term":[{"taxonomy":"category","embeddable":true,"href":"https:\/\/diariodigitalmx.com\/index.php\/wp-json\/wp\/v2\/categories?post=121748"},{"taxonomy":"post_tag","embeddable":true,"href":"https:\/\/diariodigitalmx.com\/index.php\/wp-json\/wp\/v2\/tags?post=121748"}],"curies":[{"name":"wp","href":"https:\/\/api.w.org\/{rel}","templated":true}]}}