{"id":121762,"date":"2024-07-13T20:01:07","date_gmt":"2024-07-14T01:01:07","guid":{"rendered":"https:\/\/diariodigitalmx.com\/?p=121762"},"modified":"2024-07-13T20:02:48","modified_gmt":"2024-07-14T01:02:48","slug":"refuerza-escobedo-trabajos-para-transformar-vialidades","status":"publish","type":"post","link":"https:\/\/diariodigitalmx.com\/index.php\/2024\/07\/13\/refuerza-escobedo-trabajos-para-transformar-vialidades\/","title":{"rendered":"Refuerza Escobedo trabajos para transformar vialidades"},"content":{"rendered":"\n<p>En Escobedo se trabaja para modernizar las principales calles y avenidas de la Ciudad, el Alcalde Andr\u00e9s inform\u00f3 que continuar\u00e1 reforz\u00e1ndose el mantenimiento integral para generar vialidades de calidad para todos.<\/p>\n\n\n\n<p>Este s\u00e1bado, Mijes supervis\u00f3 las obras que se est\u00e1n realizando en la Avenida Ju\u00e1rez poco antes de llegar a Manuel L. Barrag\u00e1n y se\u00f1al\u00f3 que Escobedo tendr\u00e1 vialidades modernas.<\/p>\n\n\n\n<figure class=\"wp-block-image size-large\"><img loading=\"lazy\" decoding=\"async\" width=\"1024\" height=\"682\" src=\"https:\/\/diariodigitalmx.com\/wp-content\/uploads\/2024\/07\/IMG_20240713_122137_877-1024x682.jpg\" alt=\"\" class=\"wp-image-121765\" srcset=\"https:\/\/diariodigitalmx.com\/wp-content\/uploads\/2024\/07\/IMG_20240713_122137_877-1024x682.jpg 1024w, https:\/\/diariodigitalmx.com\/wp-content\/uploads\/2024\/07\/IMG_20240713_122137_877-300x200.jpg 300w, https:\/\/diariodigitalmx.com\/wp-content\/uploads\/2024\/07\/IMG_20240713_122137_877-768x512.jpg 768w, https:\/\/diariodigitalmx.com\/wp-content\/uploads\/2024\/07\/IMG_20240713_122137_877-1536x1023.jpg 1536w, https:\/\/diariodigitalmx.com\/wp-content\/uploads\/2024\/07\/IMG_20240713_122137_877-2048x1364.jpg 2048w\" sizes=\"(max-width: 1024px) 100vw, 1024px\" \/><\/figure>\n\n\n\n<p>\u201cPretendemos tener vialidades modernas, porque la manera de combatir los baches es d\u00e1ndole mantenimiento integral a las avenidas, se necesita un mantenimiento integral y eso es lo que vamos a hacer tanto en avenidas de gran flujo vehicular como en las calles interiores de las colonias\u201d, expres\u00f3 el Edil.<\/p>\n\n\n\n<p>La rehabilitaci\u00f3n de la Avenida Ju\u00e1rez lleva un 75 por ciento de avance, una vez concluido los trabajos, anunci\u00f3 Mijes que la siguiente etapa es la intervenci\u00f3n de banquetas para que todos puedan hacer uso de esta vialidad sin ning\u00fan problema.<\/p>\n\n\n\n<figure class=\"wp-block-gallery has-nested-images columns-default is-cropped wp-block-gallery-1 is-layout-flex wp-block-gallery-is-layout-flex\">\n<figure class=\"wp-block-image size-large\"><img loading=\"lazy\" decoding=\"async\" width=\"1024\" height=\"681\" data-id=\"121767\" src=\"https:\/\/diariodigitalmx.com\/wp-content\/uploads\/2024\/07\/Q9A9641-1024x681.jpg\" alt=\"\" class=\"wp-image-121767\" srcset=\"https:\/\/diariodigitalmx.com\/wp-content\/uploads\/2024\/07\/Q9A9641-1024x681.jpg 1024w, https:\/\/diariodigitalmx.com\/wp-content\/uploads\/2024\/07\/Q9A9641-300x199.jpg 300w, https:\/\/diariodigitalmx.com\/wp-content\/uploads\/2024\/07\/Q9A9641-768x511.jpg 768w, https:\/\/diariodigitalmx.com\/wp-content\/uploads\/2024\/07\/Q9A9641-1536x1021.jpg 1536w, https:\/\/diariodigitalmx.com\/wp-content\/uploads\/2024\/07\/Q9A9641-2048x1362.jpg 2048w\" sizes=\"(max-width: 1024px) 100vw, 1024px\" \/><\/figure>\n\n\n\n<figure class=\"wp-block-image size-large\"><img loading=\"lazy\" decoding=\"async\" width=\"1024\" height=\"681\" data-id=\"121768\" src=\"https:\/\/diariodigitalmx.com\/wp-content\/uploads\/2024\/07\/Q9A9708-1024x681.jpg\" alt=\"\" class=\"wp-image-121768\" srcset=\"https:\/\/diariodigitalmx.com\/wp-content\/uploads\/2024\/07\/Q9A9708-1024x681.jpg 1024w, https:\/\/diariodigitalmx.com\/wp-content\/uploads\/2024\/07\/Q9A9708-300x199.jpg 300w, https:\/\/diariodigitalmx.com\/wp-content\/uploads\/2024\/07\/Q9A9708-768x511.jpg 768w, https:\/\/diariodigitalmx.com\/wp-content\/uploads\/2024\/07\/Q9A9708-1536x1021.jpg 1536w, https:\/\/diariodigitalmx.com\/wp-content\/uploads\/2024\/07\/Q9A9708-2048x1362.jpg 2048w\" sizes=\"(max-width: 1024px) 100vw, 1024px\" \/><\/figure>\n<\/figure>\n\n\n\n<p>En Ju\u00e1rez adem\u00e1s de la modernizaci\u00f3n de la carpeta asf\u00e1ltica, se estar\u00e1 trabajando en la remodelaci\u00f3n del camell\u00f3n central y del sistema de alumbrado p\u00fablico.<\/p>\n\n\n\n<p>En aras de generar vialidades de calidad, tambi\u00e9n se est\u00e1 trabajando dentro de las colonias, el Alcalde Andr\u00e9s Mijes junto a vecinos de la Colonia Hacienda Los Ayala dio el banderazo de inicio a la repavimentaci\u00f3n de la Calle Villa Ju\u00e1rez.<\/p>\n\n\n\n<p>Los trabajos de mantenimiento integral de pavimento se est\u00e1n dando de manera simult\u00e1nea en Calle Abasolo, Avenida Agualeguas por precisar algunas, la siguiente etapa del plan de obras contempla intervenir vialidades como Ra\u00fal Salinas, Las Torres y Manuel L. Barrag\u00e1n.<\/p>\n","protected":false},"excerpt":{"rendered":"<p>En Escobedo se trabaja para modernizar las principales calles y avenidas de la Ciudad, el Alcalde Andr\u00e9s inform\u00f3 que continuar\u00e1 reforz\u00e1ndose el mantenimiento integral para generar vialidades de calidad para todos. Este s\u00e1bado, Mijes supervis\u00f3 las obras que se est\u00e1n realizando en la Avenida Ju\u00e1rez poco antes de llegar a Manuel L. Barrag\u00e1n y se\u00f1al\u00f3 [&hellip;]<\/p>\n","protected":false},"author":1,"featured_media":121764,"comment_status":"open","ping_status":"open","sticky":true,"template":"","format":"standard","meta":{"footnotes":""},"categories":[14,6],"tags":[],"_links":{"self":[{"href":"https:\/\/diariodigitalmx.com\/index.php\/wp-json\/wp\/v2\/posts\/121762"}],"collection":[{"href":"https:\/\/diariodigitalmx.com\/index.php\/wp-json\/wp\/v2\/posts"}],"about":[{"href":"https:\/\/diariodigitalmx.com\/index.php\/wp-json\/wp\/v2\/types\/post"}],"author":[{"embeddable":true,"href":"https:\/\/diariodigitalmx.com\/index.php\/wp-json\/wp\/v2\/users\/1"}],"replies":[{"embeddable":true,"href":"https:\/\/diariodigitalmx.com\/index.php\/wp-json\/wp\/v2\/comments?post=121762"}],"version-history":[{"count":2,"href":"https:\/\/diariodigitalmx.com\/index.php\/wp-json\/wp\/v2\/posts\/121762\/revisions"}],"predecessor-version":[{"id":121769,"href":"https:\/\/diariodigitalmx.com\/index.php\/wp-json\/wp\/v2\/posts\/121762\/revisions\/121769"}],"wp:featuredmedia":[{"embeddable":true,"href":"https:\/\/diariodigitalmx.com\/index.php\/wp-json\/wp\/v2\/media\/121764"}],"wp:attachment":[{"href":"https:\/\/diariodigitalmx.com\/index.php\/wp-json\/wp\/v2\/media?parent=121762"}],"wp:term":[{"taxonomy":"category","embeddable":true,"href":"https:\/\/diariodigitalmx.com\/index.php\/wp-json\/wp\/v2\/categories?post=121762"},{"taxonomy":"post_tag","embeddable":true,"href":"https:\/\/diariodigitalmx.com\/index.php\/wp-json\/wp\/v2\/tags?post=121762"}],"curies":[{"name":"wp","href":"https:\/\/api.w.org\/{rel}","templated":true}]}}