{"id":121800,"date":"2024-07-15T10:08:58","date_gmt":"2024-07-15T15:08:58","guid":{"rendered":"https:\/\/diariodigitalmx.com\/?p=121800"},"modified":"2024-07-15T10:12:00","modified_gmt":"2024-07-15T15:12:00","slug":"libros-de-la-semana-12","status":"publish","type":"post","link":"https:\/\/diariodigitalmx.com\/index.php\/2024\/07\/15\/libros-de-la-semana-12\/","title":{"rendered":"Libros de la semana"},"content":{"rendered":"\n<p><br>Gerson G\u00f3mez Salas<br>Tenbilal antsetik = Mujeres olvidadas de Susi Bentzulul<br>Tenbilal antsetik (Mujeres olvidadas) es el debut literario de Susi Bentzulul, poeta en tsotsil. El libro, traducido por su autora al espa\u00f1ol, consta de tres secciones, Yayijem chuleletik (Almas heridas), Pojbil nopbenal xchiuk takupal (Cuerpos y sentimientos despojados), Tsijil ayejetik (Voces silenciadas). La autora parte del feminismo decolonial para evidenciar los olvidos que sufren las mujeres ind\u00edgenas. Es, al mismo tiempo, un poderoso libro de denuncia y un acto de resistencia ante la hegemon\u00eda ling\u00fc\u00edstica.<\/p>\n\n\n\n<figure class=\"wp-block-image size-full\"><img loading=\"lazy\" decoding=\"async\" width=\"323\" height=\"500\" src=\"https:\/\/diariodigitalmx.com\/wp-content\/uploads\/2024\/07\/FM11781.jpg\" alt=\"\" class=\"wp-image-121805\" srcset=\"https:\/\/diariodigitalmx.com\/wp-content\/uploads\/2024\/07\/FM11781.jpg 323w, https:\/\/diariodigitalmx.com\/wp-content\/uploads\/2024\/07\/FM11781-194x300.jpg 194w\" sizes=\"(max-width: 323px) 100vw, 323px\" \/><\/figure>\n\n\n\n<p>La Revoluci\u00f3n de los Claveles. S\u00edmbolos y testimonios del 25 de abril en Portugal de Ricardo Viel<br>Este libro se compone de los fragmentos de historia que Ricardo Viel ha ido recogiendo a lo largo de los a\u00f1os sobre la Revoluci\u00f3n de los Claveles. Sin embargo, el hilo conductor no siempre es la realidad que nos rodea; para Viel lo primordial es lo que est\u00e1 en nuestro interior, en el interior de las mujeres y los hombres, civiles y militares, que vivieron el suceso y juntos derrocaron una dictadura sin disparar una sola bala.<\/p>\n\n\n\n<figure class=\"wp-block-image size-full\"><img loading=\"lazy\" decoding=\"async\" width=\"320\" height=\"500\" src=\"https:\/\/diariodigitalmx.com\/wp-content\/uploads\/2024\/07\/FM11764.jpg\" alt=\"\" class=\"wp-image-121807\" srcset=\"https:\/\/diariodigitalmx.com\/wp-content\/uploads\/2024\/07\/FM11764.jpg 320w, https:\/\/diariodigitalmx.com\/wp-content\/uploads\/2024\/07\/FM11764-192x300.jpg 192w\" sizes=\"(max-width: 320px) 100vw, 320px\" \/><\/figure>\n\n\n\n<p>Una canci\u00f3n para un nuevo d\u00eda de Sarah Pinsker<br>En un futuro dist\u00f3pico los grandes eventos han sido completamente cancelados, gracias a numerosos ataques terroristas y un extra\u00f1o virus mortal. Ante este escenario Luce, una modestamente exitosa cantautora, pierde aquello que le daba sentido a su vida: las presentaciones en vivo; por ello decide organizar tocadas ilegales, abrir un espacio para las bandas y su m\u00fasica. Esta escena musical es destruida con la aparici\u00f3n de Rosemary, una chica de C8-mpo con ansias de conocer el mundo, ampliar sus horizontes y encontrar su camino.<\/p>\n\n\n\n<figure class=\"wp-block-image size-full\"><img loading=\"lazy\" decoding=\"async\" width=\"323\" height=\"500\" src=\"https:\/\/diariodigitalmx.com\/wp-content\/uploads\/2024\/07\/FM11756.jpg\" alt=\"\" class=\"wp-image-121810\" srcset=\"https:\/\/diariodigitalmx.com\/wp-content\/uploads\/2024\/07\/FM11756.jpg 323w, https:\/\/diariodigitalmx.com\/wp-content\/uploads\/2024\/07\/FM11756-194x300.jpg 194w\" sizes=\"(max-width: 323px) 100vw, 323px\" \/><\/figure>\n\n\n\n<p>Lo invisible en todas partes de Wu Ming<br>La Gran Guerra los orill\u00f3 a dar una parte de s\u00ed mismos; Adelmo Cantelli se las ingenia para que su complexi\u00f3n no sea un impedimento para ayudar en el frente, contrario a Giovanni Mizzoli que est\u00e1 dispuesto a sacrificar su cordura para alejarse del campo de batalla. Mientras, Marie-Louise teme comprobar los rumores sobre los Vach\u00e9, y los innovadores en tecnolog\u00eda esperan descubrir el arma definitiva para vencer al enemigo. Todos desean concluir la interminable batalla y poner fin a los horrores que derivaron de ella, pero \u00e9sta ha quedado impregnada en sus actos, en sus mentes, en su vida y en sus historias.<\/p>\n","protected":false},"excerpt":{"rendered":"<p>Gerson G\u00f3mez SalasTenbilal antsetik = Mujeres olvidadas de Susi BentzululTenbilal antsetik (Mujeres olvidadas) es el debut literario de Susi Bentzulul, poeta en tsotsil. El libro, traducido por su autora al espa\u00f1ol, consta de tres secciones, Yayijem chuleletik (Almas heridas), Pojbil nopbenal xchiuk takupal (Cuerpos y sentimientos despojados), Tsijil ayejetik (Voces silenciadas). La autora parte del [&hellip;]<\/p>\n","protected":false},"author":1,"featured_media":121803,"comment_status":"open","ping_status":"open","sticky":true,"template":"","format":"standard","meta":{"footnotes":""},"categories":[11,14],"tags":[],"_links":{"self":[{"href":"https:\/\/diariodigitalmx.com\/index.php\/wp-json\/wp\/v2\/posts\/121800"}],"collection":[{"href":"https:\/\/diariodigitalmx.com\/index.php\/wp-json\/wp\/v2\/posts"}],"about":[{"href":"https:\/\/diariodigitalmx.com\/index.php\/wp-json\/wp\/v2\/types\/post"}],"author":[{"embeddable":true,"href":"https:\/\/diariodigitalmx.com\/index.php\/wp-json\/wp\/v2\/users\/1"}],"replies":[{"embeddable":true,"href":"https:\/\/diariodigitalmx.com\/index.php\/wp-json\/wp\/v2\/comments?post=121800"}],"version-history":[{"count":4,"href":"https:\/\/diariodigitalmx.com\/index.php\/wp-json\/wp\/v2\/posts\/121800\/revisions"}],"predecessor-version":[{"id":121811,"href":"https:\/\/diariodigitalmx.com\/index.php\/wp-json\/wp\/v2\/posts\/121800\/revisions\/121811"}],"wp:featuredmedia":[{"embeddable":true,"href":"https:\/\/diariodigitalmx.com\/index.php\/wp-json\/wp\/v2\/media\/121803"}],"wp:attachment":[{"href":"https:\/\/diariodigitalmx.com\/index.php\/wp-json\/wp\/v2\/media?parent=121800"}],"wp:term":[{"taxonomy":"category","embeddable":true,"href":"https:\/\/diariodigitalmx.com\/index.php\/wp-json\/wp\/v2\/categories?post=121800"},{"taxonomy":"post_tag","embeddable":true,"href":"https:\/\/diariodigitalmx.com\/index.php\/wp-json\/wp\/v2\/tags?post=121800"}],"curies":[{"name":"wp","href":"https:\/\/api.w.org\/{rel}","templated":true}]}}