{"id":121831,"date":"2024-07-15T12:46:51","date_gmt":"2024-07-15T17:46:51","guid":{"rendered":"https:\/\/diariodigitalmx.com\/?p=121831"},"modified":"2024-07-15T12:47:57","modified_gmt":"2024-07-15T17:47:57","slug":"la-sociedad-necesita-s-los-jovenes","status":"publish","type":"post","link":"https:\/\/diariodigitalmx.com\/index.php\/2024\/07\/15\/la-sociedad-necesita-s-los-jovenes\/","title":{"rendered":"La sociedad necesita a los j\u00f3venes"},"content":{"rendered":"\n<p>Luz Mar\u00eda Ortiz Quintos <\/p>\n\n\n\n<p>La participaci\u00f3n de los j\u00f3venes en la sociedad es algo que pasamos frecuentemente por alto. Si bien, son considerados como los siguientes adultos y a los que les va a tocar cosechar lo sembrado por sus antepasados durante su infancia e incluso antes de que nacieran, se necesita reconocer que su acci\u00f3n es clave para el desarrollo tanto inmediato como de largo plazo para la sociedad. Los j\u00f3venes est\u00e1n en la etapa donde se mudan de la ni\u00f1ez hacia su vida adulta; al tener presente dicho concepto, sabremos que vienen a experimentar, explorar, aprender y desarrollarse en muchos aspectos que forjar\u00e1n el resto de su estancia en esta tierra. Con esa experiencia, sabr\u00e1n qu\u00e9 les gusta y qu\u00e9 no; lo que les suma y lo que les resta; lo que beneficia a los dem\u00e1s y lo que perjudica. Viven en una edad determinante para saber qu\u00e9 van a hacer de su vida, esto incluye: sus estudios, su profesi\u00f3n, su familia, su desarrollo personal, y su apoyo a la comunidad. Actualmente, la sociedad los necesita de manera urgente para mejorar el presente y asegurar su buen futuro. Su aportaci\u00f3n, por m\u00e1s m\u00ednima que sea, hace la diferencia, aunque sea desde su casa y con sus familiares y amigos cercanos. Participar activamente en la construcci\u00f3n de servicios a los dem\u00e1s; no por c\u00f3mo se ven en redes sociales, sino por un desarrollo de solidaridad y empat\u00eda hacia el pr\u00f3jimo. Fomentar la pr\u00e1ctica de los valores morales para forjar seres humanos, y a la vez, aprovechar su participaci\u00f3n para fijar su ruta; hacia d\u00f3nde van, qu\u00e9 quieren construir, en qu\u00e9 mundo quieren vivir, etc. Son el presente y el futuro, es conveniente que est\u00e9n involucrados desde ahora mismo en los diferentes \u00e1mbitos de la sociedad. Se necesita animarlos a seguir estudiando, y en la medida de lo posible, alcanzar los m\u00e1s altos niveles de preparaci\u00f3n acad\u00e9mica. Es imperativo seguir en la b\u00fasqueda de mejores propuestas de educaci\u00f3n, en salud nutricional, salud mental, educaci\u00f3n financiera, inteligencia emocional, etc., debido a que estas son herramientas que les ser\u00e1n de gran utilidad para estar m\u00e1s equipados en todos los aspectos de la persona y formar mejores ciudadanos. \u201cLa educaci\u00f3n es el arma m\u00e1s poderosa que puede cambiar al mundo\u201d-Nelson Mandela-.<\/p>\n","protected":false},"excerpt":{"rendered":"<p>Luz Mar\u00eda Ortiz Quintos La participaci\u00f3n de los j\u00f3venes en la sociedad es algo que pasamos frecuentemente por alto. Si bien, son considerados como los siguientes adultos y a los que les va a tocar cosechar lo sembrado por sus antepasados durante su infancia e incluso antes de que nacieran, se necesita reconocer que su [&hellip;]<\/p>\n","protected":false},"author":1,"featured_media":121833,"comment_status":"open","ping_status":"open","sticky":true,"template":"","format":"standard","meta":{"footnotes":""},"categories":[14,12],"tags":[],"_links":{"self":[{"href":"https:\/\/diariodigitalmx.com\/index.php\/wp-json\/wp\/v2\/posts\/121831"}],"collection":[{"href":"https:\/\/diariodigitalmx.com\/index.php\/wp-json\/wp\/v2\/posts"}],"about":[{"href":"https:\/\/diariodigitalmx.com\/index.php\/wp-json\/wp\/v2\/types\/post"}],"author":[{"embeddable":true,"href":"https:\/\/diariodigitalmx.com\/index.php\/wp-json\/wp\/v2\/users\/1"}],"replies":[{"embeddable":true,"href":"https:\/\/diariodigitalmx.com\/index.php\/wp-json\/wp\/v2\/comments?post=121831"}],"version-history":[{"count":2,"href":"https:\/\/diariodigitalmx.com\/index.php\/wp-json\/wp\/v2\/posts\/121831\/revisions"}],"predecessor-version":[{"id":121834,"href":"https:\/\/diariodigitalmx.com\/index.php\/wp-json\/wp\/v2\/posts\/121831\/revisions\/121834"}],"wp:featuredmedia":[{"embeddable":true,"href":"https:\/\/diariodigitalmx.com\/index.php\/wp-json\/wp\/v2\/media\/121833"}],"wp:attachment":[{"href":"https:\/\/diariodigitalmx.com\/index.php\/wp-json\/wp\/v2\/media?parent=121831"}],"wp:term":[{"taxonomy":"category","embeddable":true,"href":"https:\/\/diariodigitalmx.com\/index.php\/wp-json\/wp\/v2\/categories?post=121831"},{"taxonomy":"post_tag","embeddable":true,"href":"https:\/\/diariodigitalmx.com\/index.php\/wp-json\/wp\/v2\/tags?post=121831"}],"curies":[{"name":"wp","href":"https:\/\/api.w.org\/{rel}","templated":true}]}}