{"id":121841,"date":"2024-07-15T19:55:16","date_gmt":"2024-07-16T00:55:16","guid":{"rendered":"https:\/\/diariodigitalmx.com\/?p=121841"},"modified":"2024-07-15T19:55:54","modified_gmt":"2024-07-16T00:55:54","slug":"impugna-samuel-garcia-decision-del-trife-de-que-el-congreso-lo-sancione-por-uso-indebido-de-recursos-en-campana-politica","status":"publish","type":"post","link":"https:\/\/diariodigitalmx.com\/index.php\/2024\/07\/15\/impugna-samuel-garcia-decision-del-trife-de-que-el-congreso-lo-sancione-por-uso-indebido-de-recursos-en-campana-politica\/","title":{"rendered":"Impugna Samuel Garc\u00eda decisi\u00f3n del TRIFE de que el Congreso lo sancione por uso indebido de recursos en campa\u00f1a pol\u00edtica"},"content":{"rendered":"\n<p><br>Monterrey. &#8211; Samuel Garc\u00eda, gobernador de Nuevo Le\u00f3n present\u00f3 ante la Sala Superior del Tribunal Electoral del Poder Judicial de la Federaci\u00f3n<br>una impugnaci\u00f3n contra la sentencia de la Sala Regional Especializada que determin\u00f3 que el Congreso local debe sancionarlo por violar la equidad en la contienda y uso indebido de recursos p\u00fablicos.<\/p>\n\n\n\n<p>Eduardo Gaona coordinador de los diputados locales de Movimiento Ciudadano, confirm\u00f3 que la impugnaci\u00f3n la realiz\u00f3 el domingo el gobernador, al hacer uso de sus facultades y derechos.<\/p>\n\n\n\n<p>&#8220;Lo que tenemos en concreto es que todav\u00eda el gobernador est\u00e1 en pleno uso de derechos para acudir a la instancia \u00faltima y el d\u00eda de ayer se present\u00f3 esta impugnaci\u00f3n y tenemos y confiamos en que la autoridad federal electoral resuelva a favor del gobernador y tumbe esta absurda resoluci\u00f3n de la Sala Especializada&#8221;, abund\u00f3.<\/p>\n\n\n\n<p>En la defensa del gobernador, el diputado emecista rechaz\u00f3 que Samuel Garc\u00eda, como se especul\u00f3, haya evadido ser notificado de la sanci\u00f3n, y a\u00f1adi\u00f3 que hay diversos medios por lo que la notificaci\u00f3n puede hacerse efectiva.<\/p>\n\n\n\n<p>&#8220;No tenemos noticia de que se est\u00e9 evadiendo, de hecho la Ley contempla mecanismos por si alguna autoridad no quisiera recibir alg\u00fan escrito para que pudiera ser por edictos o en estrados, y que con eso surta efectos plenos, entonces no creo que gente del gobernador ni el gobernador mismo est\u00e9 sac\u00e1ndole la vuelta a este tema que sigue su curso&#8221;.<\/p>\n\n\n\n<p>Sin embargo, aclar\u00f3 que el hecho de que haya impugnado no suspende el proceso que pudiera iniciar el Congreso. &#8220;Tengo entendido que se sigue el proceso de impugnar (la sentencia) ante la Sala Superior, \u00e9sto que saca la Sala Regional Especializada se est\u00e1 impugnando, entiendo que el Gobernador ya lo impugn\u00f3, entiendo que fue el d\u00eda de ayer&#8221;.<\/p>\n\n\n\n<p>Gaona record\u00f3 que el proceso no avanza en el Congreso para la sanci\u00f3n porque los diputados de oposici\u00f3n del PAN y del PRI se autorizaron vacaciones hasta el 31 de julio.<\/p>\n\n\n\n<p>&#8220;En materia electoral no procede la suspensi\u00f3n, es decir, no por el hecho de que ahorita se haya llegado a otra instancia quiere decir que se va a suspender la sanci\u00f3n, eso lo tienen suspendido las vacaciones de los diputados del PRI y del PAN, ahorita, si resuelve o no la Sala Superior no se suspende, se podr\u00eda suspender en el transcurso si la Sala Superior revoca la resoluci\u00f3n de la Sala Especializada&#8221;.<\/p>\n\n\n\n<p>QU\u00c9 DIJO LA SALA ESPECIALIZADA<\/p>\n\n\n\n<p>La Sala Especializada del Tribunal Electoral del Poder Judicial de la Federaci\u00f3n (TEPJF) determin\u00f3 que el Gobernador Samuel Garc\u00eda vulner\u00f3 la equidad e imparcialidad en el pasado proceso electoral, con promoci\u00f3n personalizada y uso indebido de recursos p\u00fablicos durante la campa\u00f1a presidencial.<br>Por ello, dio vista al Congreso local para que aplique las medidas que correspondan ya que se le acusa de vulnerar los principios de legalidad, imparcialidad, neutralidad y equidad en la contienda, as\u00ed como de uso indebido de recursos por un video en su cuenta de Instagram apoyando a MC.<\/p>\n\n\n\n<p>Hizo una promoci\u00f3n personalizada por la emisi\u00f3n de un comunicado del Gobierno estatal el 19 de noviembre del 2023, un d\u00eda antes del inicio de su precampa\u00f1a a la Presidencia, en el que se destac\u00f3 su trayectoria pol\u00edtica, logros de Gobierno e \u00edndices de aprobaci\u00f3n, y afirmaba que era necesario un Presidente de Monterrey.<\/p>\n\n\n\n<p>A su vez, Carlos de la Fuente, coordinador de los diputados panistas dijo que buscar\u00e1n que Samuel Garc\u00eda sea sancionado con la destituci\u00f3n del cargo y la inhabilitaci\u00f3n de la funci\u00f3n p\u00fablica, porque, a su juicio, no es la primera ocasi\u00f3n que viola la ley.<\/p>\n\n\n\n<p>La denuncia fue interpuesta en su oportunidad por Acci\u00f3n Nacional y el Partido de la Revoluci\u00f3n Democr\u00e1tica.<\/p>\n\n\n\n<p>PENDIENTE EL PROCESO DE JUICIO POLITICO<\/p>\n\n\n\n<p>Por otro lado, se mantiene pendiente el proceso sobre el juicio pol\u00edtico que enfrenta Samuel Garc\u00eda debido a que no present\u00f3 de acuerdo a la Constituci\u00f3n de Nuevo Le\u00f3n, el proyecto de presupuesto para el a\u00f1o 2023 y que debi\u00f3 hacerse en noviembre del 2022, lo que oblig\u00f3 a que durante el a\u00f1o pasado se ejercieran los 140 mil millones de pesos de un a\u00f1o antes.<\/p>\n\n\n\n<p>Adem\u00e1s, el gobernador tampoco present\u00f3 en noviembre de 2023 el presupuesto del 2024 por lo que se ejerce la misma cantidad.<\/p>\n","protected":false},"excerpt":{"rendered":"<p>Monterrey. &#8211; Samuel Garc\u00eda, gobernador de Nuevo Le\u00f3n present\u00f3 ante la Sala Superior del Tribunal Electoral del Poder Judicial de la Federaci\u00f3nuna impugnaci\u00f3n contra la sentencia de la Sala Regional Especializada que determin\u00f3 que el Congreso local debe sancionarlo por violar la equidad en la contienda y uso indebido de recursos p\u00fablicos. Eduardo Gaona coordinador [&hellip;]<\/p>\n","protected":false},"author":1,"featured_media":121843,"comment_status":"open","ping_status":"open","sticky":true,"template":"","format":"standard","meta":{"footnotes":""},"categories":[6,3],"tags":[],"_links":{"self":[{"href":"https:\/\/diariodigitalmx.com\/index.php\/wp-json\/wp\/v2\/posts\/121841"}],"collection":[{"href":"https:\/\/diariodigitalmx.com\/index.php\/wp-json\/wp\/v2\/posts"}],"about":[{"href":"https:\/\/diariodigitalmx.com\/index.php\/wp-json\/wp\/v2\/types\/post"}],"author":[{"embeddable":true,"href":"https:\/\/diariodigitalmx.com\/index.php\/wp-json\/wp\/v2\/users\/1"}],"replies":[{"embeddable":true,"href":"https:\/\/diariodigitalmx.com\/index.php\/wp-json\/wp\/v2\/comments?post=121841"}],"version-history":[{"count":1,"href":"https:\/\/diariodigitalmx.com\/index.php\/wp-json\/wp\/v2\/posts\/121841\/revisions"}],"predecessor-version":[{"id":121842,"href":"https:\/\/diariodigitalmx.com\/index.php\/wp-json\/wp\/v2\/posts\/121841\/revisions\/121842"}],"wp:featuredmedia":[{"embeddable":true,"href":"https:\/\/diariodigitalmx.com\/index.php\/wp-json\/wp\/v2\/media\/121843"}],"wp:attachment":[{"href":"https:\/\/diariodigitalmx.com\/index.php\/wp-json\/wp\/v2\/media?parent=121841"}],"wp:term":[{"taxonomy":"category","embeddable":true,"href":"https:\/\/diariodigitalmx.com\/index.php\/wp-json\/wp\/v2\/categories?post=121841"},{"taxonomy":"post_tag","embeddable":true,"href":"https:\/\/diariodigitalmx.com\/index.php\/wp-json\/wp\/v2\/tags?post=121841"}],"curies":[{"name":"wp","href":"https:\/\/api.w.org\/{rel}","templated":true}]}}