{"id":121865,"date":"2024-07-16T07:10:44","date_gmt":"2024-07-16T12:10:44","guid":{"rendered":"https:\/\/diariodigitalmx.com\/?p=121865"},"modified":"2024-07-16T07:11:28","modified_gmt":"2024-07-16T12:11:28","slug":"izquierda-y-empresariado-de-la-mano","status":"publish","type":"post","link":"https:\/\/diariodigitalmx.com\/index.php\/2024\/07\/16\/izquierda-y-empresariado-de-la-mano\/","title":{"rendered":"Izquierda y empresariado de la mano"},"content":{"rendered":"\n<p>De frente y de perfil<\/p>\n\n\n\n<p>Ram\u00f3n Zurita Sahag\u00fan <\/p>\n\n\n\n<p>Durante muchos a\u00f1os, en M\u00e9xico los grupos empresariales fueron enemigos de la izquierda. Unos y otros no se mezclaban, eran como el agua y el aceite.<\/p>\n\n\n\n<p>El Partido Comunista sin reconocimiento nunca como partido y el PMS y PSUM mantuvieron su distancia de los empresarios, pero todo cambi\u00f3 con el arribo del PRD.<\/p>\n\n\n\n<p>Exist\u00eda cierta resistencia, pero los perredistas como proced\u00edan mayoritariamente del PRI establecieron enlaces con los del sol azteca y varios empresarios fueron adoptados como candidatos a gobernadores.<\/p>\n\n\n\n<p>La relaci\u00f3n empresarios-izquierda modific\u00f3 sus criterios, aunque al emerger la figura de un nuevo dirigente, Andr\u00e9s Manuel L\u00f3pez Obrador, se marc\u00f3 cierta distancia.<\/p>\n\n\n\n<p>El tabasque\u00f1o acus\u00f3 a los empresarios de fomentar campa\u00f1as de odio en su contra y de ser los causantes de su derrota electoral en 2006 e incluso en 2012.<\/p>\n\n\n\n<p>Varios de los principales empresarios se convirtieron en los adversarios del hoy Presidente de la Rep\u00fablica y las diferencias llegaron hasta la contienda electoral de 2018 cuando un grupo de ellos entre los que sobresalen los del Consejo Coordinador y otros organismos empresariales y patronales.<\/p>\n\n\n\n<p>Una excepci\u00f3n es Carlos Slim quien desde que L\u00f3pez Obrador fue Jefe de Gobierno entrelazaron sus historias y sellaron un pacto de cordialidad en los cargos que AMLO ha ostentado.<\/p>\n\n\n\n<p>Al asumir la Presidencia de la Rep\u00fablica, el tabasque\u00f1o organiz\u00f3 un grupo de empresarios, a los que nombr\u00f3 como sus asesores en cuestiones que correspondieren a asuntos de esa tem\u00e1tica, con los que sostuvo algunas reuniones y despu\u00e9s se alej\u00f3 de ellos.<\/p>\n\n\n\n<p>Coordinados por Alfonso Romo, el grupo empresarial sum\u00f3 los nombres de Miguel Alem\u00e1n Magnani, Ricardo Salinas, Bernardo G\u00f3mez, Olegario V\u00e1zquez Aldir, Daniel Jes\u00fas Ch\u00e1vez y Miguel Rinc\u00f3n, los que eran convocados a las cenas de Palacio Nacional para las aportaciones de las obras o la compra de boletos para las rifas, a cambio de unos deliciosos tamalitos de chipil\u00edn.<\/p>\n\n\n\n<p>El grupo hizo agua pronto y Alfonso Romo dej\u00f3 la oficina de la Presidencia de la Rep\u00fablica que le hab\u00eda sido conferida.<\/p>\n\n\n\n<p>Los empresarios no gozaron de la cercan\u00eda pretendida con el Presidente L\u00f3pez Obrador y pronto fueron relegados.<\/p>\n\n\n\n<p>Alem\u00e1n Magnani tuvo problemas financieros con su empresa de aviaci\u00f3n y se fue a vivir a Par\u00eds, Francia; Ricardo Salinas trae un litigio (no personal dicen ambos) con las autoridades hacendarias del actual gobierno por el cobro de impuestos y Miguel Rinc\u00f3n gan\u00f3 una licitaci\u00f3n y el propio L\u00f3pez Obrador le pidi\u00f3 que no la usar\u00e1 al inicio del actual gobierno. Daniel Ch\u00e1vez s\u00ed ha gozado de grandes contratos.<\/p>\n\n\n\n<p>Lo anterior sirve de referencia para saber el tipo de Consejo Empresarial que encabezar\u00e1 Altagracia G\u00f3mez.<\/p>\n\n\n\n<p>Hasta donde se sabe Altagracia y la secretar\u00eda de Econom\u00eda que encabezar\u00e1 Marcelo Ebrard, ser\u00e1n los puentes entre el empresariado y la Presidenta Claudia Sheinbaum.<\/p>\n\n\n\n<pre class=\"wp-block-code\"><code>                                                       \u2026\u2026\u2026\u2026\u2026\u2026\u2026\u2026\u2026\u2026\u2026\u2026.<\/code><\/pre>\n\n\n\n<p>En la mira de MORENA se encuentran ya los tres senadores que podr\u00edan anexarse o simplemente votar con ellos en las reformas constitucionales para ganar la mayor\u00eda calificada. Los objetos del deseo son los dos senadores del PRD (Michoac\u00e1n y Tabasco) de primera minor\u00eda y el todav\u00eda gobernador de Yucat\u00e1n, Mauricio Vila, aunque se sabe que ya hay compromiso con algunos de MC que simplemente votar\u00edan en favor o hasta uno que otro despistado priista\u2026La descomposici\u00f3n en Zacatecas va creciendo. Las derrotas de los candidatos de MORENA en Zacatecas y Fresnillo no han curado las heridas y el gobernador David Monreal voltea los ojos hacia los que considera responsables, entre los que se encuentran los que buscar\u00e1n la nominaci\u00f3n al gobierno del estado en tres a\u00f1os m\u00e1s.<br>ramonzurita44@hotmail.com<br>ram\u00f3nzurita44@gmail.com<br>www.revistapersonae.com<br>ramon-zurita.blogspot.com<\/p>\n","protected":false},"excerpt":{"rendered":"<p>De frente y de perfil Ram\u00f3n Zurita Sahag\u00fan Durante muchos a\u00f1os, en M\u00e9xico los grupos empresariales fueron enemigos de la izquierda. Unos y otros no se mezclaban, eran como el agua y el aceite. El Partido Comunista sin reconocimiento nunca como partido y el PMS y PSUM mantuvieron su distancia de los empresarios, pero todo [&hellip;]<\/p>\n","protected":false},"author":1,"featured_media":121701,"comment_status":"open","ping_status":"open","sticky":true,"template":"","format":"standard","meta":{"footnotes":""},"categories":[14,12],"tags":[],"_links":{"self":[{"href":"https:\/\/diariodigitalmx.com\/index.php\/wp-json\/wp\/v2\/posts\/121865"}],"collection":[{"href":"https:\/\/diariodigitalmx.com\/index.php\/wp-json\/wp\/v2\/posts"}],"about":[{"href":"https:\/\/diariodigitalmx.com\/index.php\/wp-json\/wp\/v2\/types\/post"}],"author":[{"embeddable":true,"href":"https:\/\/diariodigitalmx.com\/index.php\/wp-json\/wp\/v2\/users\/1"}],"replies":[{"embeddable":true,"href":"https:\/\/diariodigitalmx.com\/index.php\/wp-json\/wp\/v2\/comments?post=121865"}],"version-history":[{"count":1,"href":"https:\/\/diariodigitalmx.com\/index.php\/wp-json\/wp\/v2\/posts\/121865\/revisions"}],"predecessor-version":[{"id":121866,"href":"https:\/\/diariodigitalmx.com\/index.php\/wp-json\/wp\/v2\/posts\/121865\/revisions\/121866"}],"wp:featuredmedia":[{"embeddable":true,"href":"https:\/\/diariodigitalmx.com\/index.php\/wp-json\/wp\/v2\/media\/121701"}],"wp:attachment":[{"href":"https:\/\/diariodigitalmx.com\/index.php\/wp-json\/wp\/v2\/media?parent=121865"}],"wp:term":[{"taxonomy":"category","embeddable":true,"href":"https:\/\/diariodigitalmx.com\/index.php\/wp-json\/wp\/v2\/categories?post=121865"},{"taxonomy":"post_tag","embeddable":true,"href":"https:\/\/diariodigitalmx.com\/index.php\/wp-json\/wp\/v2\/tags?post=121865"}],"curies":[{"name":"wp","href":"https:\/\/api.w.org\/{rel}","templated":true}]}}