{"id":121883,"date":"2024-07-16T14:09:12","date_gmt":"2024-07-16T19:09:12","guid":{"rendered":"https:\/\/diariodigitalmx.com\/?p=121883"},"modified":"2024-07-16T14:10:43","modified_gmt":"2024-07-16T19:10:43","slug":"arranca-adrian-trabajos-para-formular-el-plan-municipal-de-desarrollo","status":"publish","type":"post","link":"https:\/\/diariodigitalmx.com\/index.php\/2024\/07\/16\/arranca-adrian-trabajos-para-formular-el-plan-municipal-de-desarrollo\/","title":{"rendered":"Arranca Adri\u00e1n trabajos para formular el Plan Municipal de Desarrollo"},"content":{"rendered":"\n<p>*<em>Sostiene primera reuni\u00f3n con especialistas, representantes del sector privado y de la sociedad civil para enriquecer su propuesta en el tema de seguridad<\/em><\/p>\n\n\n\n<p>En el marco de la transici\u00f3n del Gobierno de Monterrey, el alcalde electo, Adri\u00e1n de la Garza Santos encabez\u00f3 este martes un encuentro con ex funcionarios en materia de seguridad, con empresarios y l\u00edderes de organizaciones de la sociedad.<\/p>\n\n\n\n<p>Explic\u00f3 que realizar\u00e1 este tipo de reuniones para todos los asuntos municipales a fin de presentar un plan de trabajo estrat\u00e9gico que incluya propuestas de todos los sectores y para los distintos temas.<\/p>\n\n\n\n<figure class=\"wp-block-image size-large\"><img loading=\"lazy\" decoding=\"async\" width=\"1024\" height=\"682\" src=\"https:\/\/diariodigitalmx.com\/wp-content\/uploads\/2024\/07\/IMG-20240716-WA0083-1024x682.jpg\" alt=\"\" class=\"wp-image-121887\" srcset=\"https:\/\/diariodigitalmx.com\/wp-content\/uploads\/2024\/07\/IMG-20240716-WA0083-1024x682.jpg 1024w, https:\/\/diariodigitalmx.com\/wp-content\/uploads\/2024\/07\/IMG-20240716-WA0083-300x200.jpg 300w, https:\/\/diariodigitalmx.com\/wp-content\/uploads\/2024\/07\/IMG-20240716-WA0083-768x512.jpg 768w, https:\/\/diariodigitalmx.com\/wp-content\/uploads\/2024\/07\/IMG-20240716-WA0083.jpg 1280w\" sizes=\"(max-width: 1024px) 100vw, 1024px\" \/><\/figure>\n\n\n\n<p>\u201cEstoy seguro que con las aportaciones del equipo que estamos formando en materia de transici\u00f3n tendremos una plataforma muy efectiva para poder hacer la estrategia para el Plan Municipal de Desarrollo en materia de seguridad y en todos los dem\u00e1s rubros que ya estaremos presentando, un plan espec\u00edfico con mediciones, con protocolos, con procedimientos, con todo el modelo especial que tendremos que hacer para el municipio de Monterrey\u201d, detall\u00f3.<\/p>\n\n\n\n<p>De la Garza present\u00f3 su Estrategia de Seguridad al Cuidado del Orden (ESCUDO) donde resalt\u00f3 la importancia de modernizar el Sistema de Inteligencia y ampliar las capacidades del C4 para convertirlo en el primer C5 municipal del pa\u00eds.<\/p>\n\n\n\n<figure class=\"wp-block-image size-full\"><img loading=\"lazy\" decoding=\"async\" width=\"670\" height=\"419\" src=\"https:\/\/diariodigitalmx.com\/wp-content\/uploads\/2024\/07\/Screenshot_20240716_130532_Gallery.jpg\" alt=\"\" class=\"wp-image-121888\" srcset=\"https:\/\/diariodigitalmx.com\/wp-content\/uploads\/2024\/07\/Screenshot_20240716_130532_Gallery.jpg 670w, https:\/\/diariodigitalmx.com\/wp-content\/uploads\/2024\/07\/Screenshot_20240716_130532_Gallery-300x188.jpg 300w\" sizes=\"(max-width: 670px) 100vw, 670px\" \/><\/figure>\n\n\n\n<p>La coordinadora del proceso de transici\u00f3n en el eje Monterrey Seguro, Mayra Hern\u00e1ndez elogi\u00f3 que los distintos sectores se involucren en la creaci\u00f3n de una ciudad donde la criminalidad no desestabilice la vida de las personas y que con sus iniciativas colaboren tambi\u00e9n en la rendici\u00f3n de cuentas.<\/p>\n\n\n\n<p>Algunos de los asistentes presentaron propuestas espec\u00edficas para complementar el proyecto de seguridad como son brindar atenci\u00f3n integral a quienes padecen la adicci\u00f3n al juego (Ludopat\u00eda) ya que no existe en la ciudad un centro de tratamiento para estas personas.<\/p>\n\n\n\n<p>Se sugiri\u00f3 legislar en torno a los casinos, establecer un Juzgado C\u00edvico en la zona sur que no nada m\u00e1s atienda al sector del Tecnol\u00f3gico, crear acciones para contrarrestar las agresiones sexuales contra infancias incluido el estupro, prevenir suicidios y violencia familiar y mejorar la capacidad de respuesta para las mujeres maltratadas.<\/p>\n\n\n\n<p>El pr\u00f3ximo presidente municipal de Monterrey agradeci\u00f3 la participaci\u00f3n de los invitados y sus ideas para hacer m\u00e1s eficiente el reclutamiento, la operaci\u00f3n y prevenci\u00f3n de la Polic\u00eda Regia, para el restablecimiento del tejido social y el tratamiento a la violencia de g\u00e9nero e intrafamiliar.<\/p>\n\n\n\n<p>\u201cEs un grupo plural con amplio conocimiento de las problem\u00e1ticas de la ciudad. Vamos a trabajar juntos para establecer las propuestas de soluci\u00f3n y para tener un plan\u201d, afirm\u00f3.<\/p>\n\n\n\n<p>\u201cEs un compromiso que hago: se va a sentir el cambio en materia de seguridad, y en otros rubros, la gente de Monterrey va a sentir confianza en sus autoridades y que sienta que est\u00e1 en un mejor lugar para vivir, lo que va a elevar la calidad de vida los regiomontanos\u201d.<\/p>\n\n\n\n<p>A la reuni\u00f3n de hoy acudieron las diputadas locales, Lorena de la Garza e Ivonne \u00c1lvarez; del sector privado H\u00e9ctor Maldonado Corpus de grupo Lamosa; Mayra Canales Z\u00fa\u00f1iga, del grupo DeAcero; y Mauro Morales de Femsa.<\/p>\n\n\n\n<p>De la academia asisti\u00f3 el coordinador del Doctorado en Criminolog\u00eda de la UANL, Juan Antonio Caballero; y de la sociedad civil organizada fueron Ram\u00f3n Pi\u00f1a, del Consejo de Vecinos del Distrito Tec; Hugo Camacho Galv\u00e1n y Velia Gonz\u00e1lez del \u00c1ngel, ambos de la asociaci\u00f3n Telar; e Irma Alma Ochoa, de Arthemisas por la Equidad.<\/p>\n","protected":false},"excerpt":{"rendered":"<p>*Sostiene primera reuni\u00f3n con especialistas, representantes del sector privado y de la sociedad civil para enriquecer su propuesta en el tema de seguridad En el marco de la transici\u00f3n del Gobierno de Monterrey, el alcalde electo, Adri\u00e1n de la Garza Santos encabez\u00f3 este martes un encuentro con ex funcionarios en materia de seguridad, con empresarios [&hellip;]<\/p>\n","protected":false},"author":1,"featured_media":121885,"comment_status":"open","ping_status":"open","sticky":true,"template":"","format":"standard","meta":{"footnotes":""},"categories":[6,5],"tags":[],"_links":{"self":[{"href":"https:\/\/diariodigitalmx.com\/index.php\/wp-json\/wp\/v2\/posts\/121883"}],"collection":[{"href":"https:\/\/diariodigitalmx.com\/index.php\/wp-json\/wp\/v2\/posts"}],"about":[{"href":"https:\/\/diariodigitalmx.com\/index.php\/wp-json\/wp\/v2\/types\/post"}],"author":[{"embeddable":true,"href":"https:\/\/diariodigitalmx.com\/index.php\/wp-json\/wp\/v2\/users\/1"}],"replies":[{"embeddable":true,"href":"https:\/\/diariodigitalmx.com\/index.php\/wp-json\/wp\/v2\/comments?post=121883"}],"version-history":[{"count":2,"href":"https:\/\/diariodigitalmx.com\/index.php\/wp-json\/wp\/v2\/posts\/121883\/revisions"}],"predecessor-version":[{"id":121889,"href":"https:\/\/diariodigitalmx.com\/index.php\/wp-json\/wp\/v2\/posts\/121883\/revisions\/121889"}],"wp:featuredmedia":[{"embeddable":true,"href":"https:\/\/diariodigitalmx.com\/index.php\/wp-json\/wp\/v2\/media\/121885"}],"wp:attachment":[{"href":"https:\/\/diariodigitalmx.com\/index.php\/wp-json\/wp\/v2\/media?parent=121883"}],"wp:term":[{"taxonomy":"category","embeddable":true,"href":"https:\/\/diariodigitalmx.com\/index.php\/wp-json\/wp\/v2\/categories?post=121883"},{"taxonomy":"post_tag","embeddable":true,"href":"https:\/\/diariodigitalmx.com\/index.php\/wp-json\/wp\/v2\/tags?post=121883"}],"curies":[{"name":"wp","href":"https:\/\/api.w.org\/{rel}","templated":true}]}}