{"id":121890,"date":"2024-07-16T15:09:30","date_gmt":"2024-07-16T20:09:30","guid":{"rendered":"https:\/\/diariodigitalmx.com\/?p=121890"},"modified":"2024-07-16T15:13:30","modified_gmt":"2024-07-16T20:13:30","slug":"adrian-de-la-garza-confia-en-autoridades-electorales-anular-eleccion-en-monterrey-seria-una-locura-gane-por-40-mil-votos","status":"publish","type":"post","link":"https:\/\/diariodigitalmx.com\/index.php\/2024\/07\/16\/adrian-de-la-garza-confia-en-autoridades-electorales-anular-eleccion-en-monterrey-seria-una-locura-gane-por-40-mil-votos\/","title":{"rendered":"Adri\u00e1n de la Garza conf\u00eda en autoridades electorales; \u201canular elecci\u00f3n en Monterrey ser\u00eda una locura, gan\u00e9 por 40 mil votos\u201d,"},"content":{"rendered":"\n<p>Monterrey. &#8211; Adri\u00e1n de la Garza le gan\u00f3 la elecci\u00f3n en Monterrey a Mariana Rodr\u00edguez, de Movimiento Ciudadano con 7 puntos de diferencia, unos 40 mil votos y advirti\u00f3 que anular el proceso como pretende la ex candidata, \u201cser\u00eda una locura\u201d, pues no hay ning\u00fan precedente de esa naturaleza en el Pa\u00eds.<\/p>\n\n\n\n<p>&#8220;Anular una elecci\u00f3n como la que se llev\u00f3 a cabo en Monterrey ser\u00eda una locura porque entonces ahora s\u00ed se romper\u00edan todos los criterios que se han establecido en materia electoral\u201d, se\u00f1al\u00f3 el alcalde electo ante la impugnaci\u00f3n que ha hecho Rodr\u00edguez, pese a que horas despu\u00e9s del proceso sali\u00f3 a las redes sociales a declarar que los resultados no le favorec\u00edan.<\/p>\n\n\n\n<p>De la Garza habl\u00f3 a la prensa tras el evento en que arranc\u00f3 los trabajos para formular el Plan Municipal de Desarrollo, donde destac\u00f3 que tiene una amplia diferencia de votos a su favor.<\/p>\n\n\n\n<p>&#8220;La diferencia entre el primero y segundo lugar estamos hablando de 40 mil votos, que es aproximadamente el 7 por ciento de la elecci\u00f3n, no hay ning\u00fan precedente en el Pa\u00eds que se haya anulado la elecci\u00f3n con estas caracter\u00edsticas\u201d, dijo.<\/p>\n\n\n\n<p>&#8220;Pensar en anular la elecci\u00f3n de Monterrey es perder toda la estabilidad de los procesos electorales y la certidumbre de cu\u00e1ndo son v\u00e1lidos, entonces ya no servir\u00edan de nada los votos de la gente sino lo que decidan algunos magistrados. Yo apelo y sobretodo, quiero confiar en las autoridades&#8221;, abund\u00f3 quien contendi\u00f3 por la coalici\u00f3n integrada por el PRI, PAN y PRD.<\/p>\n\n\n\n<p>La esposa del gobernador quien horas despu\u00e9s del proceso del 2 de junio acept\u00f3 p\u00fablicamente su derrota, d\u00edas despu\u00e9s impugn\u00f3 al argumentar que agentes ministeriales interven\u00edan a favor de Adri\u00e1n de la Garza, entre otras presuntas irregularidades.<\/p>\n\n\n\n<p>RESPALDAN CUATRO CONTRINCANTES SU TRIUNFO<\/p>\n\n\n\n<p>Por otro lado, Adri\u00e1n de la Garza recibi\u00f3 el respaldo de cuatro contendientes por Monterrey que, a trav\u00e9s de un desplegado en medios locales, quienes avalan el triunfo del priista.<\/p>\n\n\n\n<p>En el desplegado Mauricio Cant\u00fa, de Morena-PVEM; Patricio Zambrano, de Vida; Adalberto Madero, de Esperanza Social, y Ranulfo Mart\u00ednez, del PT, dicen que en la elecci\u00f3n no hubo incidentes para cuestionar su legalidad, y respaldan los resultados adem\u00e1s de que, le piden sumar sus propuestas.<br>De la Garza inform\u00f3 que est\u00e1 dispuesto a reunirse con los ex candidatos y hasta les hizo una invitaci\u00f3n para que participen en las mesas de trabajo que realiza su equipo para generar el Plan Municipal de Desarrollo.<\/p>\n\n\n\n<p>&#8220;Nos invitan a que podamos incorporar algunas de sus propuestas, creo que ser\u00eda bueno e importante poder incorporar las propuestas, voy a tratar de tener una reuni\u00f3n con ellos para que nos puedan hacer llegar esas propuestas. Si alguno de ellos tiene la inquietud o posibilidad de participar inclusive en mesas como de este tipo donde vamos a poder recopilar este tipo de propuestas&#8221;, expuso.<\/p>\n\n\n\n<p>&#8220;Todas las ideas son buenas, todas las ideas que lleven a resolver problem\u00e1ticas que han estado manifest\u00e1ndonos los ciudadanos de Monterrey, sobre todo en campa\u00f1a del trabajo que ellos hicieron de poder recopilar esa informaci\u00f3n de solicitudes de la gente, es de un valor agregado importante&#8221;, coment\u00f3.<\/p>\n","protected":false},"excerpt":{"rendered":"<p>Monterrey. &#8211; Adri\u00e1n de la Garza le gan\u00f3 la elecci\u00f3n en Monterrey a Mariana Rodr\u00edguez, de Movimiento Ciudadano con 7 puntos de diferencia, unos 40 mil votos y advirti\u00f3 que anular el proceso como pretende la ex candidata, \u201cser\u00eda una locura\u201d, pues no hay ning\u00fan precedente de esa naturaleza en el Pa\u00eds. &#8220;Anular una elecci\u00f3n [&hellip;]<\/p>\n","protected":false},"author":1,"featured_media":121892,"comment_status":"open","ping_status":"open","sticky":true,"template":"","format":"standard","meta":{"footnotes":""},"categories":[6,3],"tags":[],"_links":{"self":[{"href":"https:\/\/diariodigitalmx.com\/index.php\/wp-json\/wp\/v2\/posts\/121890"}],"collection":[{"href":"https:\/\/diariodigitalmx.com\/index.php\/wp-json\/wp\/v2\/posts"}],"about":[{"href":"https:\/\/diariodigitalmx.com\/index.php\/wp-json\/wp\/v2\/types\/post"}],"author":[{"embeddable":true,"href":"https:\/\/diariodigitalmx.com\/index.php\/wp-json\/wp\/v2\/users\/1"}],"replies":[{"embeddable":true,"href":"https:\/\/diariodigitalmx.com\/index.php\/wp-json\/wp\/v2\/comments?post=121890"}],"version-history":[{"count":1,"href":"https:\/\/diariodigitalmx.com\/index.php\/wp-json\/wp\/v2\/posts\/121890\/revisions"}],"predecessor-version":[{"id":121891,"href":"https:\/\/diariodigitalmx.com\/index.php\/wp-json\/wp\/v2\/posts\/121890\/revisions\/121891"}],"wp:featuredmedia":[{"embeddable":true,"href":"https:\/\/diariodigitalmx.com\/index.php\/wp-json\/wp\/v2\/media\/121892"}],"wp:attachment":[{"href":"https:\/\/diariodigitalmx.com\/index.php\/wp-json\/wp\/v2\/media?parent=121890"}],"wp:term":[{"taxonomy":"category","embeddable":true,"href":"https:\/\/diariodigitalmx.com\/index.php\/wp-json\/wp\/v2\/categories?post=121890"},{"taxonomy":"post_tag","embeddable":true,"href":"https:\/\/diariodigitalmx.com\/index.php\/wp-json\/wp\/v2\/tags?post=121890"}],"curies":[{"name":"wp","href":"https:\/\/api.w.org\/{rel}","templated":true}]}}