{"id":121923,"date":"2024-07-18T06:38:44","date_gmt":"2024-07-18T11:38:44","guid":{"rendered":"https:\/\/diariodigitalmx.com\/?p=121923"},"modified":"2024-07-18T06:41:01","modified_gmt":"2024-07-18T11:41:01","slug":"festin-de-autocompasion","status":"publish","type":"post","link":"https:\/\/diariodigitalmx.com\/index.php\/2024\/07\/18\/festin-de-autocompasion\/","title":{"rendered":"Fest\u00edn de autocompasi\u00f3n"},"content":{"rendered":"\n<p>Gerson G\u00f3mez Salas <\/p>\n\n\n\n<p>En el desorden jur\u00eddico esta la ganancia. Suman, restan. Vuelven a computar. Impugnan. Llevan la papeler\u00eda. Les reciben nada sorprendidos. Ya les conocen por nombre o por apodos.<\/p>\n\n\n\n<p>De derecha pasaron a centro de ah\u00ed a la izquierda. C\u00edrculos conc\u00e9ntricos de los \u00e1tomos democr\u00e1ticos. Pocos ganan en las urnas. Limpios por los sufragios. El advenimiento de las constancias obsequiadas en la defensa.<\/p>\n\n\n\n<p>Acusar de uso indebido de poder. Intromisi\u00f3n del estado. Movilidad de votantes. Comprar voluntades. La sociedad, el pueblo, a nadie elije. Tacha al menos peor. Recuerda el premio en la loter\u00eda del barrio. Organizada por los movimientos territoriales.<\/p>\n\n\n\n<p>Conf\u00eda ahora. Ma\u00f1ana no sabremos. Nuestra causa jam\u00e1s est\u00e1 perdida. Observa como modificaron en la manta el n\u00famero en una de las l\u00edneas.<\/p>\n\n\n\n<p>Comisi\u00f3n permanente al interior de la presidencia. Cada segundo antes de vencer los plazos. Amparo contra el remordimiento.<\/p>\n\n\n\n<p>Recuperar. Rehabilitar. El fest\u00edn de la autocompasi\u00f3n. Seremos el contrapeso del oficialismo. Nadie podr\u00e1 olvidar a quienes carecen de voz. Nosotros llevamos a las rancher\u00edas, el ejido, la justicia social.<\/p>\n\n\n\n<p>Cada proyecto incluye el sobrecosto obligatorio al portador. Ya no vivamos en quinto patio. Tenemos derecho a nuestro hogar en el predio perdido del Infonavit.<\/p>\n\n\n\n<p>La roboluci\u00f3n de los partidos devuelve a los caciques lo invertido. Vida nada te debo. Veloces a la voz del imperativo so\u00f1ador. El gran jefe desde la silla acojinada conversa con los inversionistas. Espera unos meses. No seas ambicioso. Ya llevamos seis elecciones y jam\u00e1s te he quedado mal.<\/p>\n","protected":false},"excerpt":{"rendered":"<p>Gerson G\u00f3mez Salas En el desorden jur\u00eddico esta la ganancia. Suman, restan. Vuelven a computar. Impugnan. Llevan la papeler\u00eda. Les reciben nada sorprendidos. Ya les conocen por nombre o por apodos. De derecha pasaron a centro de ah\u00ed a la izquierda. C\u00edrculos conc\u00e9ntricos de los \u00e1tomos democr\u00e1ticos. Pocos ganan en las urnas. Limpios por los [&hellip;]<\/p>\n","protected":false},"author":1,"featured_media":121790,"comment_status":"open","ping_status":"open","sticky":true,"template":"","format":"standard","meta":{"footnotes":""},"categories":[12,5],"tags":[],"_links":{"self":[{"href":"https:\/\/diariodigitalmx.com\/index.php\/wp-json\/wp\/v2\/posts\/121923"}],"collection":[{"href":"https:\/\/diariodigitalmx.com\/index.php\/wp-json\/wp\/v2\/posts"}],"about":[{"href":"https:\/\/diariodigitalmx.com\/index.php\/wp-json\/wp\/v2\/types\/post"}],"author":[{"embeddable":true,"href":"https:\/\/diariodigitalmx.com\/index.php\/wp-json\/wp\/v2\/users\/1"}],"replies":[{"embeddable":true,"href":"https:\/\/diariodigitalmx.com\/index.php\/wp-json\/wp\/v2\/comments?post=121923"}],"version-history":[{"count":2,"href":"https:\/\/diariodigitalmx.com\/index.php\/wp-json\/wp\/v2\/posts\/121923\/revisions"}],"predecessor-version":[{"id":121925,"href":"https:\/\/diariodigitalmx.com\/index.php\/wp-json\/wp\/v2\/posts\/121923\/revisions\/121925"}],"wp:featuredmedia":[{"embeddable":true,"href":"https:\/\/diariodigitalmx.com\/index.php\/wp-json\/wp\/v2\/media\/121790"}],"wp:attachment":[{"href":"https:\/\/diariodigitalmx.com\/index.php\/wp-json\/wp\/v2\/media?parent=121923"}],"wp:term":[{"taxonomy":"category","embeddable":true,"href":"https:\/\/diariodigitalmx.com\/index.php\/wp-json\/wp\/v2\/categories?post=121923"},{"taxonomy":"post_tag","embeddable":true,"href":"https:\/\/diariodigitalmx.com\/index.php\/wp-json\/wp\/v2\/tags?post=121923"}],"curies":[{"name":"wp","href":"https:\/\/api.w.org\/{rel}","templated":true}]}}