{"id":121971,"date":"2024-07-19T12:42:48","date_gmt":"2024-07-19T17:42:48","guid":{"rendered":"https:\/\/diariodigitalmx.com\/?p=121971"},"modified":"2024-07-19T12:43:29","modified_gmt":"2024-07-19T17:43:29","slug":"si-fui-deportado-de-eua-puedo-regresar-experto-en-migracion-responde","status":"publish","type":"post","link":"https:\/\/diariodigitalmx.com\/index.php\/2024\/07\/19\/si-fui-deportado-de-eua-puedo-regresar-experto-en-migracion-responde\/","title":{"rendered":"Si fui deportado de EUA, \u00bfpuedo regresar? Experto en migraci\u00f3n responde"},"content":{"rendered":"\n<p>Manuel volvi\u00f3 a M\u00e9xico hace unos meses, en Estados Unidos se qued\u00f3 su esposa y un hijo de 3 a\u00f1os. Fue deportado, luego de una d\u00e9cada de trabajo, de contribuir con la econom\u00eda y pagar impuestos. Hoy piensa que no volver\u00e1 a ver a su familia, aunque esto podr\u00eda no ser cierto.<\/p>\n\n\n\n<p>\u201cLa deportaci\u00f3n es el proceso de inadmisibilidad que lleva a cabo el pa\u00eds cuando una persona incumple con las leyes migratorias y conlleva una expulsi\u00f3n. Aunque no constituye un acto arbitrario, s\u00ed tiene un impacto en la vida del deportado. Sin embargo, al margen de la creencia popular, est\u00e1 lejos de ser lo peor que le puede pasar a un migrante y no siempre implica un castigo de por vida. Si bien, suele tener repercusiones legales es importante recordar que cada caso es \u00fanico\u201d, afirma Luis Ochoa, Director de Operaciones de MEXUS Migraci\u00f3n, firma de abogados especializada en asesor\u00eda migratoria.<\/p>\n\n\n\n<p>En 2023, Estados Unidos casi duplic\u00f3 en comparaci\u00f3n con el a\u00f1o anterior, los arrestos de control migratorio y aument\u00f3 las remociones de las personas que no contaban con una base legal para permanecer en el pa\u00eds.<\/p>\n\n\n\n<p>\u201cDetr\u00e1s de cada arresto y remoci\u00f3n hay historias de familias que se formaron hace a\u00f1os, de vidas ya establecidas y que no tienen una raz\u00f3n para regresar a sus pa\u00edses de origen. Por ello, es muy com\u00fan que busquen entrar a Estados Unidos de nuevo. En algunos casos es posible\u201d, detalla el Director de Operaciones de MEXUS Migraci\u00f3n.<\/p>\n\n\n\n<p>MEXUS Migraci\u00f3n propone una ruta para que los deportados puedan regresar a EUA.<\/p>\n\n\n\n<p>1) Identificar la intenci\u00f3n del viaje<br>2) Evaluar el tiempo fuera del pa\u00eds<br>3) Asesor\u00eda legal<\/p>\n","protected":false},"excerpt":{"rendered":"<p>Manuel volvi\u00f3 a M\u00e9xico hace unos meses, en Estados Unidos se qued\u00f3 su esposa y un hijo de 3 a\u00f1os. Fue deportado, luego de una d\u00e9cada de trabajo, de contribuir con la econom\u00eda y pagar impuestos. Hoy piensa que no volver\u00e1 a ver a su familia, aunque esto podr\u00eda no ser cierto. \u201cLa deportaci\u00f3n es [&hellip;]<\/p>\n","protected":false},"author":1,"featured_media":121973,"comment_status":"open","ping_status":"open","sticky":true,"template":"","format":"standard","meta":{"footnotes":""},"categories":[14,2],"tags":[],"_links":{"self":[{"href":"https:\/\/diariodigitalmx.com\/index.php\/wp-json\/wp\/v2\/posts\/121971"}],"collection":[{"href":"https:\/\/diariodigitalmx.com\/index.php\/wp-json\/wp\/v2\/posts"}],"about":[{"href":"https:\/\/diariodigitalmx.com\/index.php\/wp-json\/wp\/v2\/types\/post"}],"author":[{"embeddable":true,"href":"https:\/\/diariodigitalmx.com\/index.php\/wp-json\/wp\/v2\/users\/1"}],"replies":[{"embeddable":true,"href":"https:\/\/diariodigitalmx.com\/index.php\/wp-json\/wp\/v2\/comments?post=121971"}],"version-history":[{"count":1,"href":"https:\/\/diariodigitalmx.com\/index.php\/wp-json\/wp\/v2\/posts\/121971\/revisions"}],"predecessor-version":[{"id":121972,"href":"https:\/\/diariodigitalmx.com\/index.php\/wp-json\/wp\/v2\/posts\/121971\/revisions\/121972"}],"wp:featuredmedia":[{"embeddable":true,"href":"https:\/\/diariodigitalmx.com\/index.php\/wp-json\/wp\/v2\/media\/121973"}],"wp:attachment":[{"href":"https:\/\/diariodigitalmx.com\/index.php\/wp-json\/wp\/v2\/media?parent=121971"}],"wp:term":[{"taxonomy":"category","embeddable":true,"href":"https:\/\/diariodigitalmx.com\/index.php\/wp-json\/wp\/v2\/categories?post=121971"},{"taxonomy":"post_tag","embeddable":true,"href":"https:\/\/diariodigitalmx.com\/index.php\/wp-json\/wp\/v2\/tags?post=121971"}],"curies":[{"name":"wp","href":"https:\/\/api.w.org\/{rel}","templated":true}]}}