{"id":121999,"date":"2024-07-21T09:10:46","date_gmt":"2024-07-21T14:10:46","guid":{"rendered":"https:\/\/diariodigitalmx.com\/?p=121999"},"modified":"2024-07-21T09:11:29","modified_gmt":"2024-07-21T14:11:29","slug":"aumenta-consumo-privado","status":"publish","type":"post","link":"https:\/\/diariodigitalmx.com\/index.php\/2024\/07\/21\/aumenta-consumo-privado\/","title":{"rendered":"Aumenta consumo privado"},"content":{"rendered":"\n<p><br>Investigaci\u00f3n Especial<br>Alberto Gonz\u00e1lez K\u00e1ram<\/p>\n\n\n\n<ul>\n<li>Consumo privado es la variable econ\u00f3mica m\u00e1s relevante y se anticipa un aumento de 4.2 por ciento en el Indicador Mensual del Consumo Privado (IMCP) en M\u00e9xico<\/li>\n\n\n\n<li>Actuales niveles de ingresos de 59 millones 813 mil 848 ocupados se han mejorado sustancialmente al reducir la pobreza laboral y disminuir la desigualdad<\/li>\n<\/ul>\n\n\n\n<p>Los resultados del Indicador Oportuno del Consumo Privado (IOCP) permiten contar con estimaciones econom\u00e9tricas oportunas sobre la evoluci\u00f3n del Indicador Mensual del Consumo Privado (IMCP).<\/p>\n\n\n\n<p>El consumo privado es la variable econ\u00f3mica m\u00e1s relevante entre los componentes de la demanda agregada y se anticipa un aumento de 4.2 por ciento en el Indicador Mensual del Consumo Privado (IMCP) en M\u00e9xico.<\/p>\n\n\n\n<p>Las estimaciones presentan sus respectivos intervalos de confianza a 95.0 por ciento y se refieren a cifras desestacionalizadas.<\/p>\n\n\n\n<p>M\u00e9xico muestra estimaciones oportunas del Indicador Mensual del Consumo Privado del Mercado Interior (IMCPMI) obtenidas a trav\u00e9s de modelos econom\u00e9tricos, los cuales se generan espec\u00edficamente para el Consumo Total para los dos meses posteriores al publicado en cifras oficiales.<\/p>\n\n\n\n<p>Las estimaciones se realizan con series originales y desestacionalizadas, siendo publicado alrededor de nueve semanas despu\u00e9s del mes de referencia, debido que se trata de un indicador que gana oportunidad para la toma de decisiones de pol\u00edtica econ\u00f3mica.<\/p>\n\n\n\n<p>Las variables utilizadas se seleccionan a partir de su relaci\u00f3n con el Indicador Mensual del Consumo Privado (IMCP) y se seleccionan con base en la teor\u00eda econ\u00f3mica y de manera estad\u00edstica seg\u00fan el criterio de oportunidad, correlaci\u00f3n contempor\u00e1nea y causalidad en sentido de Granger.<\/p>\n\n\n\n<p>La informaci\u00f3n actualizada en la metodolog\u00eda del Indicador Oportuno del Consumo Privado (IOCP) se realiza con la aplicaci\u00f3n de distintos m\u00e9todos de estimaci\u00f3n para el c\u00e1lculo del siguiente mes con respecto al \u00faltimo dato oficial publicado.<\/p>\n\n\n\n<p>En la metodolog\u00eda se utilizan tres modelos de regresi\u00f3n con errores ARMA: uno con un factor din\u00e1mico de dos etapas con selecci\u00f3n Lasso, otro con un componente principal con selecci\u00f3n Lasso y otro m\u00e1s con un factor din\u00e1mico con selecci\u00f3n por m\u00ednimos cuadrados parciales.<\/p>\n\n\n\n<p>El c\u00e1lculo incluye dos modelos de regresi\u00f3n lineal con penalizaci\u00f3n (Elastic Net y Ridge) y dos modelos de regresi\u00f3n de muestreo de datos mixtos con variables de alta frecuencia: uno a partir del monto total de tarjetas de cr\u00e9dito y d\u00e9bito, y otro mediante un factor est\u00e1tico que selecciona entre las 30 variables que componen el monto total de tarjetas de cr\u00e9dito y d\u00e9bito.<\/p>\n\n\n\n<p>Finalmente, se utiliza un Modelo de Factores Din\u00e1micos (MFD) jer\u00e1rquicos con base en el m\u00e9todo de estimaci\u00f3n, se realizan las transformaciones pertinentes de acuerdo con los requerimientos de cada metodolog\u00eda.<\/p>\n\n\n\n<p>La estimaci\u00f3n puntual se elige el promedio de los ocho modelos, pues la combinaci\u00f3n de pron\u00f3sticos conduce a una mayor precisi\u00f3n del Indicador Oportuno del Consumo Privado (IOCP) que la obtenida con cada uno de los modelos por separado.<\/p>\n\n\n\n<p>El Indicador Oportuno del Consumo Privado (IOCP) se correlaciona con la pol\u00edtica salarial emprendida desde inicios de la actual administraci\u00f3n p\u00fablica federal orientada a mejorar el salario real y redistribuir los ingresos en beneficio de las familias mexicanas, demostrando y comprobando plenamente a la fecha el cumplimiento de mi sexag\u00e9sima s\u00e9ptima prospectiva al registrar un incremento salarial mensual promedio durante 67 meses ininterrumpidamente de 6.54100 puntos contra un crecimiento promedio de la inflaci\u00f3n de 5.17704 puntos, lo cual es completamente contrario a las infodemias dominadas diariamente, resultando, asegurando, revalorando y optimizando una tasa salarial real positiva de 1.36396 puntos en el per\u00edodo comprendido del 1\u00ba. de diciembre del 2018 al 30 de junio del 2024.<\/p>\n\n\n\n<p>En la actual administraci\u00f3n p\u00fablica federal se procedi\u00f3 al incremento del salario como un asunto de justicia y humanismo, siendo autorizado el incremento de tres d\u00edgitos 181.72 por ciento de 88.36 a 248.93 pesos en el \u00e1rea de Salarios M\u00ednimos Generales a nivel nacional, mientras que en el \u00e1rea geogr\u00e1fica de la Zona Libre de la Frontera Norte se registra un incremento de tres d\u00edgitos 324.27 por ciento al pasar de 88.36 a 374.89 pesos en el per\u00edodo comprendido del 1\u00ba. de enero de 2019 al 31 de diciembre del 2024.<\/p>\n\n\n\n<p>M\u00e9xico super\u00f3 la amenaza mundial de la desaceleraci\u00f3n y recesi\u00f3n econ\u00f3mica con los resultados alcanzados y se ubica como la Primera Potencia Mundial con mayor crecimiento de 3.3 por ciento del Indicador Global de la Actividad Econ\u00f3mica (IGAE), siendo de 4.0 por ciento en actividades econ\u00f3micas primarias, 3.8 por ciento en actividades terciarias y 2.1 por ciento en las actividades secundarias, superando al registrado en los siguientes pa\u00edses de la Organizaci\u00f3n para la Cooperaci\u00f3n y Desarrollo Econ\u00f3mico (OCDE): Estados Unidos, India, China, Turqu\u00eda, Corea del Sur, Espa\u00f1a, Indonesia, Pa\u00edses Bajos, Suiza, Australia, Canad\u00e1, Italia, Jap\u00f3n, Singapur, Sud\u00e1frica, Brasil, Zona Euro, Francia, Alemania y Reino Unido.<\/p>\n\n\n\n<p>La superaci\u00f3n del crecimiento econ\u00f3mico en M\u00e9xico permiti\u00f3 se incorporar\u00e1n 59 millones 813 mil 848 ocupados que representan 97.4 por ciento de la Poblaci\u00f3n Econ\u00f3micamente Activa (PEA) integrada por 61 millones 424 mil 254 personas, logrando un incremento anua de 1 mill\u00f3n 556 mil 073 nuevos ocupados y reducir -148 mil 766 desocupados, permitiendo ocupa el Primer Lugar Mundial en Tasa de Empleo al superar en el Grupo G-20 a Pa\u00edses Bajos, Suiza, Alemania, Reino Unido, Francia, Australia, Corea del Sur, Italia, Canad\u00e1, Jap\u00f3n, Rusia, Estados Unidos, Arabia Saudita, Brasil, Espa\u00f1a, Turqu\u00eda, India, Argentina y Sud\u00e1frica, lo cual contribuyen con la reducci\u00f3n de la pobreza laboral y desigualdad socioecon\u00f3mica.<\/p>\n\n\n\n<p>M\u00e9xico ocupa el Primer Lugar Mundial con la Tasa de Desempleo m\u00e1s baja de 2.6 por ciento, superando los porcentajes registrados en los siguientes pa\u00edses de la Organizaci\u00f3n para la Cooperaci\u00f3n y Desarrollo Econ\u00f3mico (OCDE): Jap\u00f3n 2.6, Corea del Sur 2.8, Alemania 3.3, Israel 3.4, Pa\u00edses Bajos 3.6, Noruega 4.1, Estados Unidos 4.1, Suiza 4.1, Reino Unido 4.4, Austria 5.0, Rep\u00fablica Eslovaca 5.5, Dinamarca 5.8, B\u00e9lgica 5.9, Canad\u00e1 6.4, Portugal 6.5, Italia 6.8, Francia 7.4, Chile 8.1, Suecia 8.2, Costa Rica 8.5, Turqu\u00eda 8.5, Colombia 10.0, Grecia 10.6 y 11.7 Espa\u00f1a.<\/p>\n\n\n\n<p>Los actuales niveles de ingresos de 59 millones 813 mil 848 ocupados se han mejorado sustancialmente por primera vez desde el siglo pasado hasta el presente milenio al reducir la pobreza laboral y disminuir la brecha de la desigualdad, lo cual se puede demostrar y comprobar ampliamente con los siguientes resultados: 22 millones 691 mil 298 ocupados reciben hasta un salario m\u00ednimo que representa el 37.9 por ciento del total nacional con una reducci\u00f3n anual de -2 millones 393 mil 139 ocupados; 18 millones 901 mil 352 ocupados con m\u00e1s de 1 hasta 2 salarios m\u00ednimos al concentrar 31.6 por ciento y mejorar los ingresos salariales de 1 mill\u00f3n 823 mil 437 ocupados; 5 millones 141 mil 855 ocupados perciben m\u00e1s de 2 hasta 3 salarios m\u00ednimos que equivalen al 8.6 por ciento al aumentar los ingresos salariales de 1 mill\u00f3n 544 mil 228 ocupados; 1 mill\u00f3n 494 mil 992 ocupados cobran m\u00e1s de 3 hasta 5 salarios m\u00ednimos que participan con 2.5 por ciento; 668 mil 409 ocupados con m\u00e1s de 5 salarios m\u00ednimos que representan 1.1 por ciento al incrementarse los ingresos de 65 mil 494 ocupantes; 2 millones 597 mil 888 ocupados que representan 4.3 por ciento no reciben ingresos con una reducci\u00f3n de -275 mil 531 ocupados; y 8 millones 318 mil 054 ocupados que representan 13.9 por ciento no especificaron sus niveles salariales.<\/p>\n\n\n\n<p>El Producto Interno Bruto (PIB) medido por su Paridad del Poder Adquisitivo (PPA) ubica a M\u00e9xico en la 10\u00aa. Potencia Mundial y entre los pocos pa\u00edses que han reducido la desigualdad econ\u00f3mica y social, al registrar 42.5 por ciento de la poblaci\u00f3n en pobreza durante la administraci\u00f3n de Miguel de la Madrid Hurtado, 53.1 por ciento con Carlos Salinas de Gortari, 63.7 por ciento Ernesto Zedillo Ponce de Le\u00f3n, 47.0 por ciento Vicente Fox Quezada, 46.1 por ciento Felipe de Jes\u00fas Calder\u00f3n Hinojosa, 43.2 por ciento con Enrique Pe\u00f1a Nieto y el m\u00e1s bajo desde el siglo pasado hasta el presente milenio con 36.3 por ciento en la actual administraci\u00f3n p\u00fablica federal.<\/p>\n\n\n\n<p>La minimizaci\u00f3n de la inflaci\u00f3n y la maximizaci\u00f3n de los salarios contractuales en las empresas p\u00fablicas y privadas durante la presente administraci\u00f3n p\u00fablica federal han superado a los registrados en los 36 a\u00f1os por las administraciones de Miguel de la Madrid Hurtado, Carlos Salinas de Gortari, Ernesto Zedillo Ponce de Le\u00f3n, Vicente Fox Quezada, Felipe Calder\u00f3n Hinojosa y Enrique Pe\u00f1a Nieto.<\/p>\n","protected":false},"excerpt":{"rendered":"<p>Investigaci\u00f3n EspecialAlberto Gonz\u00e1lez K\u00e1ram Los resultados del Indicador Oportuno del Consumo Privado (IOCP) permiten contar con estimaciones econom\u00e9tricas oportunas sobre la evoluci\u00f3n del Indicador Mensual del Consumo Privado (IMCP). El consumo privado es la variable econ\u00f3mica m\u00e1s relevante entre los componentes de la demanda agregada y se anticipa un aumento de 4.2 por ciento en [&hellip;]<\/p>\n","protected":false},"author":1,"featured_media":122001,"comment_status":"open","ping_status":"open","sticky":true,"template":"","format":"standard","meta":{"footnotes":""},"categories":[14,10],"tags":[],"_links":{"self":[{"href":"https:\/\/diariodigitalmx.com\/index.php\/wp-json\/wp\/v2\/posts\/121999"}],"collection":[{"href":"https:\/\/diariodigitalmx.com\/index.php\/wp-json\/wp\/v2\/posts"}],"about":[{"href":"https:\/\/diariodigitalmx.com\/index.php\/wp-json\/wp\/v2\/types\/post"}],"author":[{"embeddable":true,"href":"https:\/\/diariodigitalmx.com\/index.php\/wp-json\/wp\/v2\/users\/1"}],"replies":[{"embeddable":true,"href":"https:\/\/diariodigitalmx.com\/index.php\/wp-json\/wp\/v2\/comments?post=121999"}],"version-history":[{"count":1,"href":"https:\/\/diariodigitalmx.com\/index.php\/wp-json\/wp\/v2\/posts\/121999\/revisions"}],"predecessor-version":[{"id":122000,"href":"https:\/\/diariodigitalmx.com\/index.php\/wp-json\/wp\/v2\/posts\/121999\/revisions\/122000"}],"wp:featuredmedia":[{"embeddable":true,"href":"https:\/\/diariodigitalmx.com\/index.php\/wp-json\/wp\/v2\/media\/122001"}],"wp:attachment":[{"href":"https:\/\/diariodigitalmx.com\/index.php\/wp-json\/wp\/v2\/media?parent=121999"}],"wp:term":[{"taxonomy":"category","embeddable":true,"href":"https:\/\/diariodigitalmx.com\/index.php\/wp-json\/wp\/v2\/categories?post=121999"},{"taxonomy":"post_tag","embeddable":true,"href":"https:\/\/diariodigitalmx.com\/index.php\/wp-json\/wp\/v2\/tags?post=121999"}],"curies":[{"name":"wp","href":"https:\/\/api.w.org\/{rel}","templated":true}]}}